{"id":998,"date":"2011-08-16T08:30:59","date_gmt":"2011-08-16T08:30:59","guid":{"rendered":"https:\/\/www.jedwabno.pl\/?p=998"},"modified":"2011-10-12T08:14:53","modified_gmt":"2011-10-12T08:14:53","slug":"dni-szuci-13-15-08-2011","status":"publish","type":"post","link":"https:\/\/archiwum.jedwabno.pl\/998\/dni-szuci-13-15-08-2011","title":{"rendered":"Dni Szuci, 13-15.08.2011"},"content":{"rendered":"<p>Tegoroczne \u015bwi\u0119to Szuci by\u0142o wyj\u0105tkowe, gdy\u017c by\u0142o obchodzone ju\u017c pi\u0105ty raz. Z okazji tego jubileuszu organizatorzy zadbali o wiele atrakcji zar\u00f3wno muzycznych jak i sportowo-rekreacyjnych. Pi\u0105tek rozpocz\u0105\u0142 si\u0119 od wy\u015bcig\u00f3w kajakowych firm, so\u0142ectw i jednostek OSP rzek\u0105 Omulew. Zwyci\u0119zcami w\u015br\u00f3d firm\u00a0 zosta\u0142o Nadle\u015bnictwo Jedwabno, so\u0142ectw &#8211; D\u0119bowiec, OSP &#8211; OSP Szuc. G\u0142\u00f3wn\u0105 atrakcj\u0105 tego dnia by\u0142y wyst\u0119py artystyczne zaproszonych go\u015bci. Na scenie zaprezentowa\u0142y si\u0119 polskie zespo\u0142y z Litwy: &#8222;Kapela Podw\u00f3rkowa&#8221; z Niemenczyna, &#8222;Mejszagolanki&#8221; z Mejszago\u0142y oraz &#8222;Kapela Dwa Tygodnie&#8221; z Bezdan. Program pt. &#8222;Wodni Piraci&#8221; zaprezentowa\u0142 &#8222;Teatr za Dwa Grosze&#8221; z Olsztyna. Uroczy\u015bcie so\u0142tys Marianna Bara\u0144ska, w\u00f3jt Gminy Jedwabno Krzysztof Otulakowski i wicestarosta Sylwia Jaskulska ods\u0142onili tablice po\u015bwi\u0119cone 440 rocznicy powstania wsi Szuc. Uwie\u0144czeniem dnia by\u0142 pokaz multimedilany prezentuj\u0105cy wszystkie dotychczasowe &#8222;Dni Szuci&#8221; oraz zabawa przy muzyce zespo\u0142u &#8222;Las Vegas&#8221;. \u00a0Sobotni dzie\u0144 zacz\u0105\u0142 si\u0119 od prezentacji historycznej po\u015bwi\u0119conej udokumentowanej wizycie \u00a0w Ma\u0142dze Wielkiego Mistrza Krzy\u017cackiego Ludwika von Erlichshausena oraz pokaz\u00f3w Bractwa Rycerskiego Komturii Nidzickiej. W dalszej cz\u0119\u015bci programu nie mog\u0142o zabrakn\u0105c rywalizacji sportowej i tradycyjnych ju\u017c konkurs\u00f3w takich jak rzut bron\u0105, patelni\u0105 w ch\u0142opa czy pomidorem w rydza. Mecz pi\u0142ki no\u017cnej rozegrany mi\u0119dzy Nadle\u015bnictwem Jedwabno, a mieszka\u0144cami Szuci zako\u0144czy\u0142 si\u0119 wynikiem 4:2, czyli zwyci\u0119stwem dla go\u015bci. Wiecz\u00f3r umila\u0142 zesp\u00f3\u0142 muzyczny &#8222;Relax&#8221;. W ostatni dzie\u0144 zabawy, czyli poniedzia\u0142ek, odby\u0142a si\u0119 msza polowa, a nast\u0119pnie wszyscy uczestnicy imprezy biesiadowali przy grillu.<\/p>\n<p>&nbsp;<\/p>\nngg_shortcode_0_placeholder\n<p>&nbsp;<\/p>\n<p>Zdj\u0119cia: Maria Pyrzanowska, El\u017cbieta Mi\u015bcierewicz &#8211; Otulakowska<\/p>\n","protected":false},"excerpt":{"rendered":"<p>Tegoroczne \u015bwi\u0119to Szuci by\u0142o wyj\u0105tkowe, gdy\u017c by\u0142o obchodzone ju\u017c pi\u0105ty  [&#8230;]<\/p>\n","protected":false},"author":55,"featured_media":1248,"comment_status":"closed","ping_status":"open","sticky":false,"template":"","format":"standard","meta":{"ngg_post_thumbnail":0,"footnotes":""},"categories":[1],"tags":[],"class_list":["post-998","post","type-post","status-publish","format-standard","has-post-thumbnail","hentry","category-wiadomosci"],"_links":{"self":[{"href":"https:\/\/archiwum.jedwabno.pl\/jdbn_json_endpoint\/wp\/v2\/posts\/998","targetHints":{"allow":["GET"]}}],"collection":[{"href":"https:\/\/archiwum.jedwabno.pl\/jdbn_json_endpoint\/wp\/v2\/posts"}],"about":[{"href":"https:\/\/archiwum.jedwabno.pl\/jdbn_json_endpoint\/wp\/v2\/types\/post"}],"author":[{"embeddable":true,"href":"https:\/\/archiwum.jedwabno.pl\/jdbn_json_endpoint\/wp\/v2\/users\/55"}],"replies":[{"embeddable":true,"href":"https:\/\/archiwum.jedwabno.pl\/jdbn_json_endpoint\/wp\/v2\/comments?post=998"}],"version-history":[{"count":0,"href":"https:\/\/archiwum.jedwabno.pl\/jdbn_json_endpoint\/wp\/v2\/posts\/998\/revisions"}],"wp:featuredmedia":[{"embeddable":true,"href":"https:\/\/archiwum.jedwabno.pl\/jdbn_json_endpoint\/wp\/v2\/media\/1248"}],"wp:attachment":[{"href":"https:\/\/archiwum.jedwabno.pl\/jdbn_json_endpoint\/wp\/v2\/media?parent=998"}],"wp:term":[{"taxonomy":"category","embeddable":true,"href":"https:\/\/archiwum.jedwabno.pl\/jdbn_json_endpoint\/wp\/v2\/categories?post=998"},{"taxonomy":"post_tag","embeddable":true,"href":"https:\/\/archiwum.jedwabno.pl\/jdbn_json_endpoint\/wp\/v2\/tags?post=998"}],"curies":[{"name":"wp","href":"https:\/\/api.w.org\/{rel}","templated":true}]}}