{"id":992,"date":"2011-08-16T07:35:13","date_gmt":"2011-08-16T07:35:13","guid":{"rendered":"https:\/\/www.jedwabno.pl\/?p=992"},"modified":"2011-10-12T08:20:46","modified_gmt":"2011-10-12T08:20:46","slug":"dni-burdaga-jedwabno-06-08-2011","status":"publish","type":"post","link":"https:\/\/archiwum.jedwabno.pl\/992\/dni-burdaga-jedwabno-06-08-2011","title":{"rendered":"Dni Burd\u0105ga, 06.08.2011"},"content":{"rendered":"<p>W sobot\u0119 6 sierpnia w Burd\u0105gu odby\u0142 si\u0119 trzeci Festyn Wiejski zorganizaowany przez So\u0142ectwo Burd\u0105g i OSP Burd\u0105g. \u00a0Nie zabrak\u0142o na nim ciekawych atrakcji zar\u00f3wno dla dzieci jak i dla doros\u0142ych. By\u0142y konkursy, wyst\u0119py artystyczne no i oczywi\u015bcie stoisko kulinarne. Na scenie zaprezentowa\u0142y si\u0119 tak\u017ce mali arty\u015bci z Nowego Dworu w przedstawieniu &#8222;Sesja Rady Gminy Jedwabna&#8221; a reszt\u0119 imprezy umila\u0142a muzyka zespo\u0142u &#8222;Las Vegas&#8221;.\u00a0 Gdy zapad\u0142 ju\u017c zmrok teatr ta\u0144ca ognia zaprezentowa\u0142a dzia\u0142aj\u0105ca przy GOK w Jedwabnie formacja\u00a0&#8222;The Shadows&#8221;.\u00a0 Publiczno\u015bc dopisa\u0142a, zjawili si\u0119 okoliczni mieszka\u0144cy oraz tury\u015bci, kt\u00f3rzy wsp\u00f3lnie bawili si\u0119 do bia\u0142ego rana. Zebrane podczas festynu pieni\u0105dze, oko\u0142o tysi\u0105ca z\u0142otych, zostan\u0105 przeznaczone na kolejne inicjatywy.<\/p>\n<p>&nbsp;<\/p>\nngg_shortcode_0_placeholder\n<p>&nbsp;<\/p>\n<p>Zdj\u0119cia: El\u017cbieta Mi\u015bcierewicz &#8211; Otulakowska<\/p>\n","protected":false},"excerpt":{"rendered":"<p>W sobot\u0119 6 sierpnia w Burd\u0105gu odby\u0142 si\u0119 trzeci Festyn  [&#8230;]<\/p>\n","protected":false},"author":55,"featured_media":1250,"comment_status":"closed","ping_status":"open","sticky":false,"template":"","format":"standard","meta":{"ngg_post_thumbnail":0,"footnotes":""},"categories":[1],"tags":[],"class_list":["post-992","post","type-post","status-publish","format-standard","has-post-thumbnail","hentry","category-wiadomosci"],"_links":{"self":[{"href":"https:\/\/archiwum.jedwabno.pl\/jdbn_json_endpoint\/wp\/v2\/posts\/992","targetHints":{"allow":["GET"]}}],"collection":[{"href":"https:\/\/archiwum.jedwabno.pl\/jdbn_json_endpoint\/wp\/v2\/posts"}],"about":[{"href":"https:\/\/archiwum.jedwabno.pl\/jdbn_json_endpoint\/wp\/v2\/types\/post"}],"author":[{"embeddable":true,"href":"https:\/\/archiwum.jedwabno.pl\/jdbn_json_endpoint\/wp\/v2\/users\/55"}],"replies":[{"embeddable":true,"href":"https:\/\/archiwum.jedwabno.pl\/jdbn_json_endpoint\/wp\/v2\/comments?post=992"}],"version-history":[{"count":0,"href":"https:\/\/archiwum.jedwabno.pl\/jdbn_json_endpoint\/wp\/v2\/posts\/992\/revisions"}],"wp:featuredmedia":[{"embeddable":true,"href":"https:\/\/archiwum.jedwabno.pl\/jdbn_json_endpoint\/wp\/v2\/media\/1250"}],"wp:attachment":[{"href":"https:\/\/archiwum.jedwabno.pl\/jdbn_json_endpoint\/wp\/v2\/media?parent=992"}],"wp:term":[{"taxonomy":"category","embeddable":true,"href":"https:\/\/archiwum.jedwabno.pl\/jdbn_json_endpoint\/wp\/v2\/categories?post=992"},{"taxonomy":"post_tag","embeddable":true,"href":"https:\/\/archiwum.jedwabno.pl\/jdbn_json_endpoint\/wp\/v2\/tags?post=992"}],"curies":[{"name":"wp","href":"https:\/\/api.w.org\/{rel}","templated":true}]}}