{"id":894,"date":"2011-07-25T13:08:23","date_gmt":"2011-07-25T13:08:23","guid":{"rendered":"https:\/\/www.jedwabno.pl\/?p=894"},"modified":"2011-10-12T08:34:21","modified_gmt":"2011-10-12T08:34:21","slug":"festyn-w-waplewie-23-lipiec-2011","status":"publish","type":"post","link":"https:\/\/archiwum.jedwabno.pl\/894\/festyn-w-waplewie-23-lipiec-2011","title":{"rendered":"Festyn w Waplewie, 23 lipiec 2011"},"content":{"rendered":"<p style=\"text-align: center;\"><strong><br \/>\n<\/strong><\/p>\n<p>Dnia 23 lipca w sobotnie popo\u0142udnie rozpocz\u0105\u0142 si\u0119 w Waplewie festyn. Od godziny 16<sup>00 <\/sup>dzieci i rodzice uczestniczyli w warsztatach plastycznych. Na olbrzymich kartach papieru powstawa\u0142y rysunki o r\u00f3\u017cnej tematyce, kt\u00f3re p\u00f3\u017aniej powieszono do ogl\u0105dania na blaszaku. Po godzinie 17<sup>00<\/sup> dzieci uczestniczy\u0142y w konkursach przygotowanych przez Klaudi\u0119 Piersa i Dominik\u0119 Wyszy\u0144sk\u0105, kt\u00f3re rozbawi\u0142y i rozgrza\u0142y milusi\u0144skich, bo tego dnia aura by\u0142a kapry\u015bna i chocia\u017c deszcz ju\u017c nie pada\u0142, to nadal by\u0142o bardzo zimno. Niew\u0105tpliwie has\u0142em, \u017ceby wreszcie pokaza\u0142o si\u0119 s\u0142o\u0144ce by\u0142 wyst\u0119p grupy dziewcz\u0105t z Witowa G\u0104SIENNICZEK HULA-HOPEK pod kierunkiem pani Haliny Salamo\u0144skiej. Wyst\u0119py artystyczne kontynuowa\u0142 potem Jerzyk Otulakowski graj\u0105c na gitarze znane piosenki.<\/p>\n<p>Tego dnia Stra\u017cacy z OSP Burd\u0105g przygotowali dla najm\u0142odszych tak\u017ce szereg atrakcji. W\u015br\u00f3d maluszk\u00f3w najwi\u0119ksze emocje wywo\u0142ywa\u0142o uruchomienie motopompy oraz trzymanie w\u0119\u017ca stra\u017cackiego. Nast\u0119pnie dzieci czeka\u0142 jeszcze jeden blok konkurs\u00f3w, po kt\u00f3rym pani Maria Pyrzanowska (so\u0142tys Pidunia) podarowa\u0142a ka\u017cdemu dziecku ma\u0142y upominek. I tak o to, na mini scenk\u0119 wyszli muzycy &#8222;Micha\u0142 i Waldek&#8221;, kt\u00f3rzy zapraszali publiczno\u015b\u0107 do ta\u0144ca. Pogoda tego wieczoru ju\u017c nie robi\u0142a niespodzianek, dlatego wszyscy bawili sie do p\u00f3\u017ana przy ognisku i mi\u0142ej muzyce. Nad opraw\u0105 ca\u0142ej zabawy czuwa\u0142 Mariusz Franczak oraz pani <strong>so\u0142tys Waplewa Marzena Kacprzycka<\/strong>. Festyn oraz warsztaty plastyczne poprowadzi\u0142a El\u017cbieta Mi\u015bcierewicz-Otulakowska.<\/p>\n<p>&nbsp;<\/p>\n<p align=\"center\"><strong>So\u0142tys wsi Waplewo dzi\u0119kuje;<\/strong><\/p>\n<p align=\"center\"><em>za pomoc przy organizowaniu festynu<\/em>:<\/p>\n<p align=\"center\">so\u0142ectwu Lipniki (pani prezes KGW) &#8211; za u\u017cyczenie podestu;<\/p>\n<p align=\"center\">so\u0142ectwu Witowo (radny\u00a0 Roman Wi\u015bniewski i so\u0142tys Waldemar Samsel<\/p>\n<p align=\"center\">oraz grupa pani Haliny Salamo\u0144skiej)<\/p>\n<p align=\"center\">Marii Pyrzanowskiej ? so\u0142tys Pidunia, za okazane serce i cierpliwo\u015b\u0107;<\/p>\n<p align=\"center\">El\u017cbiecie Mi\u015bcierewicz-Otulakowskiej;<\/p>\n<p align=\"center\">mieszka\u0144com wsi Waplewo;<\/p>\n<p align=\"center\"><em>\u00a0<\/em><em><\/em><\/p>\n<p align=\"center\"><em>sponsorom za wsparcie materialne:<\/em><\/p>\n<p align=\"center\">Sklep &#8222;Lewiatan&#8221; ? Bo\u017cenna Wyrzykowska &#8211; Buk i Wies\u0142aw Nideraus<\/p>\n<p align=\"center\">Zdzis\u0142aw Stepokura &#8211; Piekarnia Pasym<\/p>\n<p align=\"center\">Szczepan Worobiej ? Radny Gminy Jedwabno<\/p>\n<p align=\"center\">Maria Sienkiewicz ? przewodnicz\u0105ca Rady Gminy Jedwabno<\/p>\n<p style=\"text-align: left;\" align=\"center\">ngg_shortcode_0_placeholder<\/p>\n<p style=\"text-align: left;\" align=\"center\">Zdj\u0119cia: El\u017cbieta Mi\u015bcierewicz &#8211; Otulakowska, Klaudia Piersa<\/p>\n","protected":false},"excerpt":{"rendered":"<p>Dnia 23 lipca w sobotnie popo\u0142udnie rozpocz\u0105\u0142 si\u0119 w Waplewie  [&#8230;]<\/p>\n","protected":false},"author":55,"featured_media":1262,"comment_status":"closed","ping_status":"open","sticky":false,"template":"","format":"standard","meta":{"ngg_post_thumbnail":0,"footnotes":""},"categories":[1],"tags":[],"class_list":["post-894","post","type-post","status-publish","format-standard","has-post-thumbnail","hentry","category-wiadomosci"],"_links":{"self":[{"href":"https:\/\/archiwum.jedwabno.pl\/jdbn_json_endpoint\/wp\/v2\/posts\/894","targetHints":{"allow":["GET"]}}],"collection":[{"href":"https:\/\/archiwum.jedwabno.pl\/jdbn_json_endpoint\/wp\/v2\/posts"}],"about":[{"href":"https:\/\/archiwum.jedwabno.pl\/jdbn_json_endpoint\/wp\/v2\/types\/post"}],"author":[{"embeddable":true,"href":"https:\/\/archiwum.jedwabno.pl\/jdbn_json_endpoint\/wp\/v2\/users\/55"}],"replies":[{"embeddable":true,"href":"https:\/\/archiwum.jedwabno.pl\/jdbn_json_endpoint\/wp\/v2\/comments?post=894"}],"version-history":[{"count":0,"href":"https:\/\/archiwum.jedwabno.pl\/jdbn_json_endpoint\/wp\/v2\/posts\/894\/revisions"}],"wp:featuredmedia":[{"embeddable":true,"href":"https:\/\/archiwum.jedwabno.pl\/jdbn_json_endpoint\/wp\/v2\/media\/1262"}],"wp:attachment":[{"href":"https:\/\/archiwum.jedwabno.pl\/jdbn_json_endpoint\/wp\/v2\/media?parent=894"}],"wp:term":[{"taxonomy":"category","embeddable":true,"href":"https:\/\/archiwum.jedwabno.pl\/jdbn_json_endpoint\/wp\/v2\/categories?post=894"},{"taxonomy":"post_tag","embeddable":true,"href":"https:\/\/archiwum.jedwabno.pl\/jdbn_json_endpoint\/wp\/v2\/tags?post=894"}],"curies":[{"name":"wp","href":"https:\/\/api.w.org\/{rel}","templated":true}]}}