{"id":8394,"date":"2014-12-24T13:57:20","date_gmt":"2014-12-24T13:57:20","guid":{"rendered":"https:\/\/www.jedwabno.pl\/?p=8394"},"modified":"2016-05-11T13:25:49","modified_gmt":"2016-05-11T11:25:49","slug":"okrasa-w-nadlesnictwie-jedwabno","status":"publish","type":"post","link":"https:\/\/archiwum.jedwabno.pl\/8394\/okrasa-w-nadlesnictwie-jedwabno","title":{"rendered":"Okrasa w Nadle\u015bnictwie Jedwabno"},"content":{"rendered":"<p style=\"text-align: justify;\">Karol Okrasa po raz kolejny skorzysta\u0142 z zaproszenia le\u015bnik\u00f3w i nagra\u0142 sw\u00f3j kulinarny program ?Okrasa \u0142amie przepisy? tym razem w Nadle\u015bnictwie Jedwabno.<\/p>\n<p style=\"text-align: justify;\">Urok mazurskich las\u00f3w, go\u015bcinno\u015b\u0107 tutejszych le\u015bnik\u00f3w oraz oryginalne smaki dar\u00f3w lasu przes\u0105dzi\u0142y o wyborze tego miejsca do nagrania przed\u015bwi\u0105tecznego odcinka, pachn\u0105cego lasem, grzybami i choink\u0105.<\/p>\n<p style=\"text-align: justify;\">Przewodnikiem po le\u015bnych zagadnieniach by\u0142 Marek Tr\u0119dowski, nadle\u015bniczy Nadle\u015bnictwa Jedwabno, kt\u00f3ry wprowadzi\u0142 Karola Okras\u0119 w \u015bwiat lasu i le\u015bnych klimat\u00f3w. Panu Karolowi nie trzeba by\u0142o t\u0142umaczy\u0107, \u017ce otwarto\u015b\u0107 polskich las\u00f3w, wolny wst\u0119p do nich oraz mo\u017cliwo\u015b\u0107 swobodnego korzystania z jego dar\u00f3w wyr\u00f3\u017cniaj\u0105 nas w Europie.<\/p>\n<p style=\"text-align: justify;\">Na pocz\u0105tku Okrasa wraz z ekip\u0105 zosta\u0142 zabrany na wyj\u0105tkow\u0105 wycieczk\u0119 po by\u0142ym poligonie Muszaki, gdzie zobaczy\u0142 na czym polega\u0142o przywracanie ludziom i przyrodzie zdegradowanych przez wojsko obszar\u00f3w. Z terenu by\u0142ego poligonu przeniesiono si\u0119 w g\u0142\u0105b lasu do starej, przedwojennej le\u015bnicz\u00f3wki Grobka, gdzie rozpocz\u0119\u0142o si\u0119 wielkie gotowanie. Jak na le\u015bn\u0105 kuchni\u0119 przysta\u0142o, w roli g\u0142\u00f3wnej wyst\u0105pi\u0142y podgrzybki, borowiki oraz owoce le\u015bne, kt\u00f3re wzbogaci\u0142y smak popularnego i lubianego przez wszystkich kurczaka. Co wyczarowa\u0142 i czy trafi\u0142 w kulinarny gust nadle\u015bniczego b\u0119dzie <strong>mo\u017cna obejrze\u0107 na stronie:\u00a0<a href=\"http:\/\/vod.tvp.pl\/audycje\/kulinaria\/okrasa-lamie-przepisy\/wideo\/27122014\/18179039\">http:\/\/vod.tvp.pl\/audycje\/kulinaria\/okrasa-lamie-przepisy\/wideo\/27122014\/18179039<\/a><\/strong><\/p>\n<p style=\"text-align: justify;\">\u017ar\u00f3d\u0142o:<br \/>\nhttp:\/\/www.olsztyn.lasy.gov.pl\/widget\/aktualnosci\/-\/asset_publisher\/1M8a\/content\/okrasa-lamal-przepisy-w-nadlesnictwie-jedwabno\/maximized#.VJrGQM_AA<\/p>\n","protected":false},"excerpt":{"rendered":"<p>Karol Okrasa po raz kolejny skorzysta\u0142 z zaproszenia le\u015bnik\u00f3w i  [&#8230;]<\/p>\n","protected":false},"author":55,"featured_media":8395,"comment_status":"closed","ping_status":"closed","sticky":false,"template":"","format":"standard","meta":{"ngg_post_thumbnail":0,"footnotes":""},"categories":[1],"tags":[],"class_list":["post-8394","post","type-post","status-publish","format-standard","has-post-thumbnail","hentry","category-wiadomosci"],"_links":{"self":[{"href":"https:\/\/archiwum.jedwabno.pl\/jdbn_json_endpoint\/wp\/v2\/posts\/8394","targetHints":{"allow":["GET"]}}],"collection":[{"href":"https:\/\/archiwum.jedwabno.pl\/jdbn_json_endpoint\/wp\/v2\/posts"}],"about":[{"href":"https:\/\/archiwum.jedwabno.pl\/jdbn_json_endpoint\/wp\/v2\/types\/post"}],"author":[{"embeddable":true,"href":"https:\/\/archiwum.jedwabno.pl\/jdbn_json_endpoint\/wp\/v2\/users\/55"}],"replies":[{"embeddable":true,"href":"https:\/\/archiwum.jedwabno.pl\/jdbn_json_endpoint\/wp\/v2\/comments?post=8394"}],"version-history":[{"count":3,"href":"https:\/\/archiwum.jedwabno.pl\/jdbn_json_endpoint\/wp\/v2\/posts\/8394\/revisions"}],"predecessor-version":[{"id":12493,"href":"https:\/\/archiwum.jedwabno.pl\/jdbn_json_endpoint\/wp\/v2\/posts\/8394\/revisions\/12493"}],"wp:featuredmedia":[{"embeddable":true,"href":"https:\/\/archiwum.jedwabno.pl\/jdbn_json_endpoint\/wp\/v2\/media\/8395"}],"wp:attachment":[{"href":"https:\/\/archiwum.jedwabno.pl\/jdbn_json_endpoint\/wp\/v2\/media?parent=8394"}],"wp:term":[{"taxonomy":"category","embeddable":true,"href":"https:\/\/archiwum.jedwabno.pl\/jdbn_json_endpoint\/wp\/v2\/categories?post=8394"},{"taxonomy":"post_tag","embeddable":true,"href":"https:\/\/archiwum.jedwabno.pl\/jdbn_json_endpoint\/wp\/v2\/tags?post=8394"}],"curies":[{"name":"wp","href":"https:\/\/api.w.org\/{rel}","templated":true}]}}