{"id":8273,"date":"2014-12-16T12:27:14","date_gmt":"2014-12-16T12:27:14","guid":{"rendered":"https:\/\/www.jedwabno.pl\/?p=8273"},"modified":"2014-12-16T12:27:14","modified_gmt":"2014-12-16T12:27:14","slug":"spotkanie-promocyjne-albumu-historycznego-ziemia-szczycienska-ocalic-przed-zapomnieniem-szuc-11-12-2014-rok","status":"publish","type":"post","link":"https:\/\/archiwum.jedwabno.pl\/8273\/spotkanie-promocyjne-albumu-historycznego-ziemia-szczycienska-ocalic-przed-zapomnieniem-szuc-11-12-2014-rok","title":{"rendered":"Spotkanie promocyjne Albumu historycznego &#8222;Ziemia Szczycie\u0144ska &#8211; Ocali\u0107 przed zapomnieniem&#8221;, Szu\u0107 11.12.2014 rok"},"content":{"rendered":"<p>Dnia 11.12.2014 roku w czwartek w \u015bwietlicy wiejskiej w Szuci odby\u0142o si\u0119 spotkanie promocyjne Albumu historycznego &#8222;Ziemia Szczycie\u0144ska &#8211; Ocali\u0107 przed zapomnieniem&#8221;. Podczas spotkania W\u00f3jt Gminy Jedwabno S\u0142awomir Ambroziak przedstawi\u0142 kr\u00f3tki rys historyczny Gminy Jedwabno, a w\u015br\u00f3d zgromadzonej publiczno\u015b\u0107 rozlosowano nagrody w postaci ksi\u0105\u017cek.<\/p>\n<p><a href=\"https:\/\/archiwum.jedwabno.pl\/wp-content\/uploads\/2014\/12\/13.jpg\"><img decoding=\"async\" class=\"aligncenter size-full wp-image-8303\" src=\"https:\/\/archiwum.jedwabno.pl\/wp-content\/uploads\/2014\/12\/13.jpg\" alt=\"1\" width=\"717\" height=\"806\" srcset=\"https:\/\/archiwum.jedwabno.pl\/wp-content\/uploads\/2014\/12\/13-266x300.jpg 266w, https:\/\/archiwum.jedwabno.pl\/wp-content\/uploads\/2014\/12\/13.jpg 717w\" sizes=\"(max-width: 717px) 100vw, 717px\" \/><\/a><\/p>\n<p>Poni\u017cej znajduj\u0119 si\u0119 kilka stron z publikacji dot. Gminy Jedwabno:<\/p>\n<p><a href=\"https:\/\/archiwum.jedwabno.pl\/wp-content\/uploads\/2014\/12\/Ziemia-Szczycie-ska-Ocali-przed-zapomnieniem-1.pdf\">Ziemia Szczycie-ska &#8211; Ocali- przed zapomnieniem &#8211; 1<\/a><\/p>\n<p><a href=\"https:\/\/archiwum.jedwabno.pl\/wp-content\/uploads\/2014\/12\/Ziemia-Szczycie-ska-Ocali-przed-zapomnieniem-2.pdf\">Ziemia Szczycie-ska &#8211; Ocali- przed zapomnieniem &#8211; 2<\/a><\/p>\n<p><a href=\"https:\/\/archiwum.jedwabno.pl\/wp-content\/uploads\/2014\/12\/Ziemia-Szczycie-ska-Ocali-przed-zapomnieniem-3.pdf\">Ziemia Szczycie-ska &#8211; Ocali- przed zapomnieniem &#8211; 3<\/a><\/p>\n<p><a href=\"https:\/\/archiwum.jedwabno.pl\/wp-content\/uploads\/2014\/12\/Ziemia-Szczycie-ska-Ocali-przed-zapomnieniem-4.pdf\">Ziemia Szczycie-ska &#8211; Ocali- przed zapomnieniem &#8211; 4<\/a><\/p>\n<p><a href=\"https:\/\/archiwum.jedwabno.pl\/wp-content\/uploads\/2014\/12\/Ziemia-Szczycie-ska-Ocali-przed-zapomnieniem-5.pdf\">Ziemia Szczycie-ska &#8211; Ocali- przed zapomnieniem &#8211; 5<\/a><\/p>\n<p>&nbsp;<\/p>\n\n\t\t<style type=\"text\/css\">\n\t\t\t#gallery-1 {\n\t\t\t\tmargin: auto;\n\t\t\t}\n\t\t\t#gallery-1 .gallery-item {\n\t\t\t\tfloat: left;\n\t\t\t\tmargin-top: 10px;\n\t\t\t\ttext-align: center;\n\t\t\t\twidth: 33%;\n\t\t\t}\n\t\t\t#gallery-1 img {\n\t\t\t\tborder: 2px solid #cfcfcf;\n\t\t\t}\n\t\t\t#gallery-1 .gallery-caption {\n\t\t\t\tmargin-left: 0;\n\t\t\t}\n\t\t\t\/* see gallery_shortcode() in wp-includes\/media.php *\/\n\t\t<\/style>\n\t\t<div id='gallery-1' class='gallery galleryid-8273 gallery-columns-3 gallery-size-thumbnail'><dl class='gallery-item'>\n\t\t\t<dt class='gallery-icon landscape'>\n\t\t\t\t<a href='https:\/\/archiwum.jedwabno.pl\/wp-content\/uploads\/2014\/12\/DSCN6605.jpg'><img decoding=\"async\" width=\"290\" height=\"290\" src=\"https:\/\/archiwum.jedwabno.pl\/wp-content\/uploads\/2014\/12\/DSCN6605-290x290.jpg\" class=\"attachment-thumbnail size-thumbnail\" alt=\"\" srcset=\"https:\/\/archiwum.jedwabno.pl\/wp-content\/uploads\/2014\/12\/DSCN6605-50x50.jpg 50w, https:\/\/archiwum.jedwabno.pl\/wp-content\/uploads\/2014\/12\/DSCN6605-290x290.jpg 290w\" sizes=\"(max-width: 290px) 100vw, 290px\" \/><\/a>\n\t\t\t<\/dt><\/dl><dl class='gallery-item'>\n\t\t\t<dt class='gallery-icon portrait'>\n\t\t\t\t<a href='https:\/\/archiwum.jedwabno.pl\/wp-content\/uploads\/2014\/12\/DSCN6612.jpg'><img decoding=\"async\" width=\"290\" height=\"290\" src=\"https:\/\/archiwum.jedwabno.pl\/wp-content\/uploads\/2014\/12\/DSCN6612-290x290.jpg\" class=\"attachment-thumbnail size-thumbnail\" alt=\"\" srcset=\"https:\/\/archiwum.jedwabno.pl\/wp-content\/uploads\/2014\/12\/DSCN6612-50x50.jpg 50w, https:\/\/archiwum.jedwabno.pl\/wp-content\/uploads\/2014\/12\/DSCN6612-290x290.jpg 290w\" sizes=\"(max-width: 290px) 100vw, 290px\" \/><\/a>\n\t\t\t<\/dt><\/dl><dl class='gallery-item'>\n\t\t\t<dt class='gallery-icon portrait'>\n\t\t\t\t<a href='https:\/\/archiwum.jedwabno.pl\/wp-content\/uploads\/2014\/12\/DSCN6617.jpg'><img decoding=\"async\" width=\"290\" height=\"290\" src=\"https:\/\/archiwum.jedwabno.pl\/wp-content\/uploads\/2014\/12\/DSCN6617-290x290.jpg\" class=\"attachment-thumbnail size-thumbnail\" alt=\"\" srcset=\"https:\/\/archiwum.jedwabno.pl\/wp-content\/uploads\/2014\/12\/DSCN6617-50x50.jpg 50w, https:\/\/archiwum.jedwabno.pl\/wp-content\/uploads\/2014\/12\/DSCN6617-290x290.jpg 290w\" sizes=\"(max-width: 290px) 100vw, 290px\" \/><\/a>\n\t\t\t<\/dt><\/dl><br style=\"clear: both\" \/><dl class='gallery-item'>\n\t\t\t<dt class='gallery-icon landscape'>\n\t\t\t\t<a href='https:\/\/archiwum.jedwabno.pl\/wp-content\/uploads\/2014\/12\/DSCN6635.jpg'><img decoding=\"async\" width=\"290\" height=\"290\" src=\"https:\/\/archiwum.jedwabno.pl\/wp-content\/uploads\/2014\/12\/DSCN6635-290x290.jpg\" class=\"attachment-thumbnail size-thumbnail\" alt=\"\" srcset=\"https:\/\/archiwum.jedwabno.pl\/wp-content\/uploads\/2014\/12\/DSCN6635-50x50.jpg 50w, https:\/\/archiwum.jedwabno.pl\/wp-content\/uploads\/2014\/12\/DSCN6635-290x290.jpg 290w\" sizes=\"(max-width: 290px) 100vw, 290px\" \/><\/a>\n\t\t\t<\/dt><\/dl><dl class='gallery-item'>\n\t\t\t<dt class='gallery-icon landscape'>\n\t\t\t\t<a href='https:\/\/archiwum.jedwabno.pl\/wp-content\/uploads\/2014\/12\/DSCN6648.jpg'><img decoding=\"async\" width=\"290\" height=\"290\" src=\"https:\/\/archiwum.jedwabno.pl\/wp-content\/uploads\/2014\/12\/DSCN6648-290x290.jpg\" class=\"attachment-thumbnail size-thumbnail\" alt=\"\" srcset=\"https:\/\/archiwum.jedwabno.pl\/wp-content\/uploads\/2014\/12\/DSCN6648-50x50.jpg 50w, https:\/\/archiwum.jedwabno.pl\/wp-content\/uploads\/2014\/12\/DSCN6648-290x290.jpg 290w\" sizes=\"(max-width: 290px) 100vw, 290px\" \/><\/a>\n\t\t\t<\/dt><\/dl>\n\t\t\t<br style='clear: both' \/>\n\t\t<\/div>\n\n<p>&nbsp;<\/p>\n<p>&nbsp;<\/p>\n<p>&nbsp;<\/p>\n<p>&nbsp;<\/p>\n","protected":false},"excerpt":{"rendered":"<p>Dnia 11.12.2014 roku w czwartek w \u015bwietlicy wiejskiej w Szuci  [&#8230;]<\/p>\n","protected":false},"author":55,"featured_media":8315,"comment_status":"closed","ping_status":"closed","sticky":false,"template":"","format":"standard","meta":{"ngg_post_thumbnail":0,"footnotes":""},"categories":[1],"tags":[],"class_list":["post-8273","post","type-post","status-publish","format-standard","has-post-thumbnail","hentry","category-wiadomosci"],"_links":{"self":[{"href":"https:\/\/archiwum.jedwabno.pl\/jdbn_json_endpoint\/wp\/v2\/posts\/8273","targetHints":{"allow":["GET"]}}],"collection":[{"href":"https:\/\/archiwum.jedwabno.pl\/jdbn_json_endpoint\/wp\/v2\/posts"}],"about":[{"href":"https:\/\/archiwum.jedwabno.pl\/jdbn_json_endpoint\/wp\/v2\/types\/post"}],"author":[{"embeddable":true,"href":"https:\/\/archiwum.jedwabno.pl\/jdbn_json_endpoint\/wp\/v2\/users\/55"}],"replies":[{"embeddable":true,"href":"https:\/\/archiwum.jedwabno.pl\/jdbn_json_endpoint\/wp\/v2\/comments?post=8273"}],"version-history":[{"count":0,"href":"https:\/\/archiwum.jedwabno.pl\/jdbn_json_endpoint\/wp\/v2\/posts\/8273\/revisions"}],"wp:featuredmedia":[{"embeddable":true,"href":"https:\/\/archiwum.jedwabno.pl\/jdbn_json_endpoint\/wp\/v2\/media\/8315"}],"wp:attachment":[{"href":"https:\/\/archiwum.jedwabno.pl\/jdbn_json_endpoint\/wp\/v2\/media?parent=8273"}],"wp:term":[{"taxonomy":"category","embeddable":true,"href":"https:\/\/archiwum.jedwabno.pl\/jdbn_json_endpoint\/wp\/v2\/categories?post=8273"},{"taxonomy":"post_tag","embeddable":true,"href":"https:\/\/archiwum.jedwabno.pl\/jdbn_json_endpoint\/wp\/v2\/tags?post=8273"}],"curies":[{"name":"wp","href":"https:\/\/api.w.org\/{rel}","templated":true}]}}