{"id":8257,"date":"2014-12-12T12:25:46","date_gmt":"2014-12-12T12:25:46","guid":{"rendered":"https:\/\/www.jedwabno.pl\/?p=8257"},"modified":"2014-12-12T12:25:46","modified_gmt":"2014-12-12T12:25:46","slug":"dofinansowanie-zadan-prewencyjnych-przez-pzu-s-a-oraz-pzu-zycie-s-a","status":"publish","type":"post","link":"https:\/\/archiwum.jedwabno.pl\/8257\/dofinansowanie-zadan-prewencyjnych-przez-pzu-s-a-oraz-pzu-zycie-s-a","title":{"rendered":"Dofinansowanie zada\u0144 prewencyjnych przez PZU S.A. oraz PZU \u017bycie S.A."},"content":{"rendered":"<p>Rok 2014 jest dla jednostki Ochotniczej Stra\u017cy Po\u017carnej w Nowym Dworze rokiem wyj\u0105tkowym pod wzgl\u0119dem pozyskanego wyposa\u017cenia. W lipcu jednostka otrzyma\u0142a \u015bredni samoch\u00f3d ratowniczo ? ga\u015bniczy Renault M180 Midliner GBA 3\/16 kt\u00f3ry zast\u0105pi\u0142 prawie czterdziestoletniego Stara 244 GBA 2,5\/16 u\u017cytkowanego wcze\u015bniej przez OSP Jedwabno. Jesie\u0144 jest nie mniej owocna. Gmina Jedwabno z\u0142o\u017cy\u0142a wnioski o dofinansowanie zadania prewencyjnego na zakup sprz\u0119ty przeciwpo\u017carowego na wyposa\u017cenie wspomnianego pojazdu w PZU S.A. oraz PZU \u017bycie S.A. \u0141\u0105czna kwota dofinansowania otrzymana z PZU S.A. oraz PZU \u017bycie S.A. wynios\u0142a 15.000 z\u0142. Dzi\u0119ki temu zakupiono dla jednostki trzy aparaty powietrzne z sygnalizatorami bezruchu, trzyprz\u0119s\u0142ow\u0105 aluminiow\u0105 drabin\u0119 nasadkow\u0105, 9 odcink\u00f3w w\u0119\u017cy t\u0142ocznych W 52\/20\u0141A oraz 4 odcinki w\u0119\u017cy W 75\/20\u0141A. OSP Nowy Dw\u00f3r sta\u0142a si\u0119 jedn\u0105 z niewielu jednostek OSP na terenie powiatu szczycie\u0144skiego nie b\u0119d\u0105c\u0105 w Krajowym Systemie Ratowniczo Ga\u015bniczym, kt\u00f3re posiadaj\u0105 na wyposa\u017ceniu aparaty powietrzne. Dzi\u0119ki nowemu sprz\u0119towi po\u017carniczemu, jednostka OSP Nowy Dw\u00f3r sta\u0142a si\u0119 bardzo wa\u017cnym elementem uzupe\u0142niaj\u0105cym dzia\u0142ania ratowniczo ? ga\u015bnicze g\u0142\u00f3wnej jednostki ochrony przeciwpo\u017carowej z terenu gminy Jedwabno ? OSP Jedwabno, jak r\u00f3wnie\u017c umo\u017cliwia jej prowadzenie samodzielnych dzia\u0142a\u0144 ratowniczych w czasie po\u017caru.<\/p>\n<p>Krzysztof Nikadon<\/p>\n\n\t\t<style type=\"text\/css\">\n\t\t\t#gallery-1 {\n\t\t\t\tmargin: auto;\n\t\t\t}\n\t\t\t#gallery-1 .gallery-item {\n\t\t\t\tfloat: left;\n\t\t\t\tmargin-top: 10px;\n\t\t\t\ttext-align: center;\n\t\t\t\twidth: 25%;\n\t\t\t}\n\t\t\t#gallery-1 img {\n\t\t\t\tborder: 2px solid #cfcfcf;\n\t\t\t}\n\t\t\t#gallery-1 .gallery-caption {\n\t\t\t\tmargin-left: 0;\n\t\t\t}\n\t\t\t\/* see gallery_shortcode() in wp-includes\/media.php *\/\n\t\t<\/style>\n\t\t<div id='gallery-1' class='gallery galleryid-8257 gallery-columns-4 gallery-size-thumbnail'><dl class='gallery-item'>\n\t\t\t<dt class='gallery-icon landscape'>\n\t\t\t\t<a href='https:\/\/archiwum.jedwabno.pl\/wp-content\/uploads\/2014\/12\/DSC_0055.jpg'><img decoding=\"async\" width=\"290\" height=\"290\" src=\"https:\/\/archiwum.jedwabno.pl\/wp-content\/uploads\/2014\/12\/DSC_0055-290x290.jpg\" class=\"attachment-thumbnail size-thumbnail\" alt=\"\" srcset=\"https:\/\/archiwum.jedwabno.pl\/wp-content\/uploads\/2014\/12\/DSC_0055-50x50.jpg 50w, https:\/\/archiwum.jedwabno.pl\/wp-content\/uploads\/2014\/12\/DSC_0055-290x290.jpg 290w\" sizes=\"(max-width: 290px) 100vw, 290px\" \/><\/a>\n\t\t\t<\/dt><\/dl><dl class='gallery-item'>\n\t\t\t<dt class='gallery-icon landscape'>\n\t\t\t\t<a href='https:\/\/archiwum.jedwabno.pl\/wp-content\/uploads\/2014\/12\/DSC_0056.jpg'><img decoding=\"async\" width=\"290\" height=\"290\" src=\"https:\/\/archiwum.jedwabno.pl\/wp-content\/uploads\/2014\/12\/DSC_0056-290x290.jpg\" class=\"attachment-thumbnail size-thumbnail\" alt=\"\" srcset=\"https:\/\/archiwum.jedwabno.pl\/wp-content\/uploads\/2014\/12\/DSC_0056-50x50.jpg 50w, https:\/\/archiwum.jedwabno.pl\/wp-content\/uploads\/2014\/12\/DSC_0056-290x290.jpg 290w\" sizes=\"(max-width: 290px) 100vw, 290px\" \/><\/a>\n\t\t\t<\/dt><\/dl><dl class='gallery-item'>\n\t\t\t<dt class='gallery-icon landscape'>\n\t\t\t\t<a href='https:\/\/archiwum.jedwabno.pl\/wp-content\/uploads\/2014\/12\/DSC_0057.jpg'><img decoding=\"async\" width=\"290\" height=\"290\" src=\"https:\/\/archiwum.jedwabno.pl\/wp-content\/uploads\/2014\/12\/DSC_0057-290x290.jpg\" class=\"attachment-thumbnail size-thumbnail\" alt=\"\" srcset=\"https:\/\/archiwum.jedwabno.pl\/wp-content\/uploads\/2014\/12\/DSC_0057-50x50.jpg 50w, https:\/\/archiwum.jedwabno.pl\/wp-content\/uploads\/2014\/12\/DSC_0057-290x290.jpg 290w\" sizes=\"(max-width: 290px) 100vw, 290px\" \/><\/a>\n\t\t\t<\/dt><\/dl><dl class='gallery-item'>\n\t\t\t<dt class='gallery-icon landscape'>\n\t\t\t\t<a href='https:\/\/archiwum.jedwabno.pl\/wp-content\/uploads\/2014\/12\/DSC_0059.jpg'><img decoding=\"async\" width=\"290\" height=\"290\" src=\"https:\/\/archiwum.jedwabno.pl\/wp-content\/uploads\/2014\/12\/DSC_0059-290x290.jpg\" class=\"attachment-thumbnail size-thumbnail\" alt=\"\" srcset=\"https:\/\/archiwum.jedwabno.pl\/wp-content\/uploads\/2014\/12\/DSC_0059-50x50.jpg 50w, https:\/\/archiwum.jedwabno.pl\/wp-content\/uploads\/2014\/12\/DSC_0059-290x290.jpg 290w\" sizes=\"(max-width: 290px) 100vw, 290px\" \/><\/a>\n\t\t\t<\/dt><\/dl><br style=\"clear: both\" \/><dl class='gallery-item'>\n\t\t\t<dt class='gallery-icon landscape'>\n\t\t\t\t<a href='https:\/\/archiwum.jedwabno.pl\/wp-content\/uploads\/2014\/12\/DSC_0060.jpg'><img decoding=\"async\" width=\"290\" height=\"290\" src=\"https:\/\/archiwum.jedwabno.pl\/wp-content\/uploads\/2014\/12\/DSC_0060-290x290.jpg\" class=\"attachment-thumbnail size-thumbnail\" alt=\"\" srcset=\"https:\/\/archiwum.jedwabno.pl\/wp-content\/uploads\/2014\/12\/DSC_0060-50x50.jpg 50w, https:\/\/archiwum.jedwabno.pl\/wp-content\/uploads\/2014\/12\/DSC_0060-290x290.jpg 290w\" sizes=\"(max-width: 290px) 100vw, 290px\" \/><\/a>\n\t\t\t<\/dt><\/dl><dl class='gallery-item'>\n\t\t\t<dt class='gallery-icon landscape'>\n\t\t\t\t<a href='https:\/\/archiwum.jedwabno.pl\/wp-content\/uploads\/2014\/12\/DSC_0063.jpg'><img decoding=\"async\" width=\"290\" height=\"290\" src=\"https:\/\/archiwum.jedwabno.pl\/wp-content\/uploads\/2014\/12\/DSC_0063-290x290.jpg\" class=\"attachment-thumbnail size-thumbnail\" alt=\"\" srcset=\"https:\/\/archiwum.jedwabno.pl\/wp-content\/uploads\/2014\/12\/DSC_0063-50x50.jpg 50w, https:\/\/archiwum.jedwabno.pl\/wp-content\/uploads\/2014\/12\/DSC_0063-290x290.jpg 290w\" sizes=\"(max-width: 290px) 100vw, 290px\" \/><\/a>\n\t\t\t<\/dt><\/dl><dl class='gallery-item'>\n\t\t\t<dt class='gallery-icon landscape'>\n\t\t\t\t<a href='https:\/\/archiwum.jedwabno.pl\/wp-content\/uploads\/2014\/12\/DSC_0064.jpg'><img decoding=\"async\" width=\"290\" height=\"290\" src=\"https:\/\/archiwum.jedwabno.pl\/wp-content\/uploads\/2014\/12\/DSC_0064-290x290.jpg\" class=\"attachment-thumbnail size-thumbnail\" alt=\"\" srcset=\"https:\/\/archiwum.jedwabno.pl\/wp-content\/uploads\/2014\/12\/DSC_0064-50x50.jpg 50w, https:\/\/archiwum.jedwabno.pl\/wp-content\/uploads\/2014\/12\/DSC_0064-290x290.jpg 290w\" sizes=\"(max-width: 290px) 100vw, 290px\" \/><\/a>\n\t\t\t<\/dt><\/dl><dl class='gallery-item'>\n\t\t\t<dt class='gallery-icon landscape'>\n\t\t\t\t<a href='https:\/\/archiwum.jedwabno.pl\/wp-content\/uploads\/2014\/12\/DSC_0066.jpg'><img decoding=\"async\" width=\"290\" height=\"290\" src=\"https:\/\/archiwum.jedwabno.pl\/wp-content\/uploads\/2014\/12\/DSC_0066-290x290.jpg\" class=\"attachment-thumbnail size-thumbnail\" alt=\"\" srcset=\"https:\/\/archiwum.jedwabno.pl\/wp-content\/uploads\/2014\/12\/DSC_0066-50x50.jpg 50w, https:\/\/archiwum.jedwabno.pl\/wp-content\/uploads\/2014\/12\/DSC_0066-290x290.jpg 290w\" sizes=\"(max-width: 290px) 100vw, 290px\" \/><\/a>\n\t\t\t<\/dt><\/dl><br style=\"clear: both\" \/><dl class='gallery-item'>\n\t\t\t<dt class='gallery-icon landscape'>\n\t\t\t\t<a href='https:\/\/archiwum.jedwabno.pl\/wp-content\/uploads\/2014\/12\/DSC_0069.jpg'><img decoding=\"async\" width=\"290\" height=\"290\" src=\"https:\/\/archiwum.jedwabno.pl\/wp-content\/uploads\/2014\/12\/DSC_0069-290x290.jpg\" class=\"attachment-thumbnail size-thumbnail\" alt=\"\" srcset=\"https:\/\/archiwum.jedwabno.pl\/wp-content\/uploads\/2014\/12\/DSC_0069-50x50.jpg 50w, https:\/\/archiwum.jedwabno.pl\/wp-content\/uploads\/2014\/12\/DSC_0069-290x290.jpg 290w\" sizes=\"(max-width: 290px) 100vw, 290px\" \/><\/a>\n\t\t\t<\/dt><\/dl><dl class='gallery-item'>\n\t\t\t<dt class='gallery-icon portrait'>\n\t\t\t\t<a href='https:\/\/archiwum.jedwabno.pl\/wp-content\/uploads\/2014\/12\/DSC_0073.jpg'><img decoding=\"async\" width=\"290\" height=\"290\" src=\"https:\/\/archiwum.jedwabno.pl\/wp-content\/uploads\/2014\/12\/DSC_0073-290x290.jpg\" class=\"attachment-thumbnail size-thumbnail\" alt=\"\" srcset=\"https:\/\/archiwum.jedwabno.pl\/wp-content\/uploads\/2014\/12\/DSC_0073-50x50.jpg 50w, https:\/\/archiwum.jedwabno.pl\/wp-content\/uploads\/2014\/12\/DSC_0073-290x290.jpg 290w\" sizes=\"(max-width: 290px) 100vw, 290px\" \/><\/a>\n\t\t\t<\/dt><\/dl>\n\t\t\t<br style='clear: both' \/>\n\t\t<\/div>\n\n","protected":false},"excerpt":{"rendered":"<p>Rok 2014 jest dla jednostki Ochotniczej Stra\u017cy Po\u017carnej w Nowym  [&#8230;]<\/p>\n","protected":false},"author":55,"featured_media":8258,"comment_status":"closed","ping_status":"closed","sticky":false,"template":"","format":"standard","meta":{"ngg_post_thumbnail":0,"footnotes":""},"categories":[1],"tags":[],"class_list":["post-8257","post","type-post","status-publish","format-standard","has-post-thumbnail","hentry","category-wiadomosci"],"_links":{"self":[{"href":"https:\/\/archiwum.jedwabno.pl\/jdbn_json_endpoint\/wp\/v2\/posts\/8257","targetHints":{"allow":["GET"]}}],"collection":[{"href":"https:\/\/archiwum.jedwabno.pl\/jdbn_json_endpoint\/wp\/v2\/posts"}],"about":[{"href":"https:\/\/archiwum.jedwabno.pl\/jdbn_json_endpoint\/wp\/v2\/types\/post"}],"author":[{"embeddable":true,"href":"https:\/\/archiwum.jedwabno.pl\/jdbn_json_endpoint\/wp\/v2\/users\/55"}],"replies":[{"embeddable":true,"href":"https:\/\/archiwum.jedwabno.pl\/jdbn_json_endpoint\/wp\/v2\/comments?post=8257"}],"version-history":[{"count":0,"href":"https:\/\/archiwum.jedwabno.pl\/jdbn_json_endpoint\/wp\/v2\/posts\/8257\/revisions"}],"wp:featuredmedia":[{"embeddable":true,"href":"https:\/\/archiwum.jedwabno.pl\/jdbn_json_endpoint\/wp\/v2\/media\/8258"}],"wp:attachment":[{"href":"https:\/\/archiwum.jedwabno.pl\/jdbn_json_endpoint\/wp\/v2\/media?parent=8257"}],"wp:term":[{"taxonomy":"category","embeddable":true,"href":"https:\/\/archiwum.jedwabno.pl\/jdbn_json_endpoint\/wp\/v2\/categories?post=8257"},{"taxonomy":"post_tag","embeddable":true,"href":"https:\/\/archiwum.jedwabno.pl\/jdbn_json_endpoint\/wp\/v2\/tags?post=8257"}],"curies":[{"name":"wp","href":"https:\/\/api.w.org\/{rel}","templated":true}]}}