{"id":8250,"date":"2014-12-10T14:02:41","date_gmt":"2014-12-10T14:02:41","guid":{"rendered":"https:\/\/www.jedwabno.pl\/?p=8250"},"modified":"2014-12-10T14:08:45","modified_gmt":"2014-12-10T14:08:45","slug":"ziemia-szczycienska-ocalic-od-zapomnienia","status":"publish","type":"post","link":"https:\/\/archiwum.jedwabno.pl\/8250\/ziemia-szczycienska-ocalic-od-zapomnienia","title":{"rendered":"Ziemia Szczycie\u0144ska &#8211; Ocali\u0107 od zapomnienia"},"content":{"rendered":"<p>Serdecznie zapraszamy do wzi\u0119cia udzia\u0142u w spotkaniu promocyjnym Albumu historycznego ?Ziemia Szczycie\u0144ska ? Ocali\u0107 przed zapomnieniem?, kt\u00f3re odb\u0119dzie si\u0119 w dniu 11.12.2014 r., o godz. 16:00 w \u015bwietlicy wiejskiej w Szuci. Wst\u0119p wolny.<\/p>\n<p><a href=\"https:\/\/archiwum.jedwabno.pl\/wp-content\/uploads\/2014\/12\/szuc.jpg\"><img decoding=\"async\" class=\"aligncenter size-full wp-image-8251\" src=\"https:\/\/archiwum.jedwabno.pl\/wp-content\/uploads\/2014\/12\/szuc.jpg\" alt=\"szuc\" width=\"613\" height=\"863\" srcset=\"https:\/\/archiwum.jedwabno.pl\/wp-content\/uploads\/2014\/12\/szuc-213x300.jpg 213w, https:\/\/archiwum.jedwabno.pl\/wp-content\/uploads\/2014\/12\/szuc.jpg 613w\" sizes=\"(max-width: 613px) 100vw, 613px\" \/><\/a><\/p>\n","protected":false},"excerpt":{"rendered":"<p>Serdecznie zapraszamy do wzi\u0119cia udzia\u0142u w spotkaniu promocyjnym Albumu historycznego  [&#8230;]<\/p>\n","protected":false},"author":55,"featured_media":8251,"comment_status":"closed","ping_status":"closed","sticky":false,"template":"","format":"standard","meta":{"ngg_post_thumbnail":0,"footnotes":""},"categories":[1],"tags":[],"class_list":["post-8250","post","type-post","status-publish","format-standard","has-post-thumbnail","hentry","category-wiadomosci"],"_links":{"self":[{"href":"https:\/\/archiwum.jedwabno.pl\/jdbn_json_endpoint\/wp\/v2\/posts\/8250","targetHints":{"allow":["GET"]}}],"collection":[{"href":"https:\/\/archiwum.jedwabno.pl\/jdbn_json_endpoint\/wp\/v2\/posts"}],"about":[{"href":"https:\/\/archiwum.jedwabno.pl\/jdbn_json_endpoint\/wp\/v2\/types\/post"}],"author":[{"embeddable":true,"href":"https:\/\/archiwum.jedwabno.pl\/jdbn_json_endpoint\/wp\/v2\/users\/55"}],"replies":[{"embeddable":true,"href":"https:\/\/archiwum.jedwabno.pl\/jdbn_json_endpoint\/wp\/v2\/comments?post=8250"}],"version-history":[{"count":0,"href":"https:\/\/archiwum.jedwabno.pl\/jdbn_json_endpoint\/wp\/v2\/posts\/8250\/revisions"}],"wp:featuredmedia":[{"embeddable":true,"href":"https:\/\/archiwum.jedwabno.pl\/jdbn_json_endpoint\/wp\/v2\/media\/8251"}],"wp:attachment":[{"href":"https:\/\/archiwum.jedwabno.pl\/jdbn_json_endpoint\/wp\/v2\/media?parent=8250"}],"wp:term":[{"taxonomy":"category","embeddable":true,"href":"https:\/\/archiwum.jedwabno.pl\/jdbn_json_endpoint\/wp\/v2\/categories?post=8250"},{"taxonomy":"post_tag","embeddable":true,"href":"https:\/\/archiwum.jedwabno.pl\/jdbn_json_endpoint\/wp\/v2\/tags?post=8250"}],"curies":[{"name":"wp","href":"https:\/\/api.w.org\/{rel}","templated":true}]}}