{"id":8043,"date":"2014-10-10T09:29:54","date_gmt":"2014-10-10T09:29:54","guid":{"rendered":"https:\/\/www.jedwabno.pl\/?p=8043"},"modified":"2014-11-19T09:48:11","modified_gmt":"2014-11-19T09:48:11","slug":"zebranie-wiejskie-w-celu-uchwalenia-zaktualizowanego-planu-odnowy-miejscowosci-pidun","status":"publish","type":"post","link":"https:\/\/archiwum.jedwabno.pl\/8043\/zebranie-wiejskie-w-celu-uchwalenia-zaktualizowanego-planu-odnowy-miejscowosci-pidun","title":{"rendered":"Zebranie wiejskie w celu uchwalenia zaktualizowanego Planu Odnowy Miejscowo\u015bci Pidu\u0144"},"content":{"rendered":"<p><a href=\"https:\/\/archiwum.jedwabno.pl\/wp-content\/uploads\/2014\/06\/Zrzut-ekranu-2014-06-17-o-11.58.55.png\"><img decoding=\"async\" class=\"aligncenter size-full wp-image-6911\" src=\"https:\/\/archiwum.jedwabno.pl\/wp-content\/uploads\/2014\/06\/Zrzut-ekranu-2014-06-17-o-11.58.55.png\" alt=\"Zrzut ekranu 2014-06-17 o 11.58.55\" width=\"593\" height=\"203\" srcset=\"https:\/\/archiwum.jedwabno.pl\/wp-content\/uploads\/2014\/06\/Zrzut-ekranu-2014-06-17-o-11.58.55-300x102.png 300w, https:\/\/archiwum.jedwabno.pl\/wp-content\/uploads\/2014\/06\/Zrzut-ekranu-2014-06-17-o-11.58.55.png 593w\" sizes=\"(max-width: 593px) 100vw, 593px\" \/><\/a><\/p>\n<p>W zwi\u0105zku z uczestnictwem so\u0142ectw\u00a0 Pidu\u0144 w programie Odnowy Wsi Wojew\u00f3dztwa Warmi\u0144sko-Mazurskiego finansowanym przez samorz\u0105d wojew\u00f3dztwa, serdecznie zapraszamy dnia 17.10.2014 r. o godz. 18.00, wszystkich mieszka\u0144c\u00f3w so\u0142ectwa Pidu\u0144 na zebranie wiejskie w celu uchwalenia zaktualizowanego Planu Odnowy Miejscowo\u015bci Pidu\u0144.<\/p>\n","protected":false},"excerpt":{"rendered":"<p>W zwi\u0105zku z uczestnictwem so\u0142ectw\u00a0 Pidu\u0144 w programie Odnowy Wsi  [&#8230;]<\/p>\n","protected":false},"author":55,"featured_media":0,"comment_status":"closed","ping_status":"closed","sticky":false,"template":"","format":"standard","meta":{"ngg_post_thumbnail":0,"footnotes":""},"categories":[1],"tags":[],"class_list":["post-8043","post","type-post","status-publish","format-standard","hentry","category-wiadomosci"],"_links":{"self":[{"href":"https:\/\/archiwum.jedwabno.pl\/jdbn_json_endpoint\/wp\/v2\/posts\/8043","targetHints":{"allow":["GET"]}}],"collection":[{"href":"https:\/\/archiwum.jedwabno.pl\/jdbn_json_endpoint\/wp\/v2\/posts"}],"about":[{"href":"https:\/\/archiwum.jedwabno.pl\/jdbn_json_endpoint\/wp\/v2\/types\/post"}],"author":[{"embeddable":true,"href":"https:\/\/archiwum.jedwabno.pl\/jdbn_json_endpoint\/wp\/v2\/users\/55"}],"replies":[{"embeddable":true,"href":"https:\/\/archiwum.jedwabno.pl\/jdbn_json_endpoint\/wp\/v2\/comments?post=8043"}],"version-history":[{"count":0,"href":"https:\/\/archiwum.jedwabno.pl\/jdbn_json_endpoint\/wp\/v2\/posts\/8043\/revisions"}],"wp:attachment":[{"href":"https:\/\/archiwum.jedwabno.pl\/jdbn_json_endpoint\/wp\/v2\/media?parent=8043"}],"wp:term":[{"taxonomy":"category","embeddable":true,"href":"https:\/\/archiwum.jedwabno.pl\/jdbn_json_endpoint\/wp\/v2\/categories?post=8043"},{"taxonomy":"post_tag","embeddable":true,"href":"https:\/\/archiwum.jedwabno.pl\/jdbn_json_endpoint\/wp\/v2\/tags?post=8043"}],"curies":[{"name":"wp","href":"https:\/\/api.w.org\/{rel}","templated":true}]}}