{"id":8036,"date":"2014-11-18T07:56:38","date_gmt":"2014-11-18T07:56:38","guid":{"rendered":"https:\/\/www.jedwabno.pl\/?p=8036"},"modified":"2014-11-18T07:57:21","modified_gmt":"2014-11-18T07:57:21","slug":"stanowisko-wojta-gminy-jedwabno-w-sprawie-administracyjnych-kar-pienieznych","status":"publish","type":"post","link":"https:\/\/archiwum.jedwabno.pl\/8036\/stanowisko-wojta-gminy-jedwabno-w-sprawie-administracyjnych-kar-pienieznych","title":{"rendered":"Stanowisko W\u00f3jta Gminy Jedwabno w sprawie administracyjnych kar pieni\u0119\u017cnych"},"content":{"rendered":"<p><strong>Za\u0142\u0105czniki:<\/strong><\/p>\n<ul>\n<li><img decoding=\"async\" src=\"http:\/\/bip.warmia.mazury.pl\/jedwabno_gmina_wiejska\/ikona.php?plik=wyjasnienie-kary-administracyjne.pdf\" alt=\"Pobierz\" align=\"middle\" \/> <a href=\"http:\/\/bip.warmia.mazury.pl\/jedwabno_gmina_wiejska\/system\/pobierz.php\/wyjasnienie-kary-administracyjne.pdf?id=2563\">wyja\u015bnienie &#8211; kary administracyjne<\/a> [73.7 KiB]<\/li>\n<\/ul>\n","protected":false},"excerpt":{"rendered":"<p>Za\u0142\u0105czniki: wyja\u015bnienie &#8211; kary administracyjne [73.7 KiB]<\/p>\n","protected":false},"author":55,"featured_media":7581,"comment_status":"closed","ping_status":"closed","sticky":false,"template":"","format":"standard","meta":{"ngg_post_thumbnail":0,"footnotes":""},"categories":[1],"tags":[],"class_list":["post-8036","post","type-post","status-publish","format-standard","has-post-thumbnail","hentry","category-wiadomosci"],"_links":{"self":[{"href":"https:\/\/archiwum.jedwabno.pl\/jdbn_json_endpoint\/wp\/v2\/posts\/8036","targetHints":{"allow":["GET"]}}],"collection":[{"href":"https:\/\/archiwum.jedwabno.pl\/jdbn_json_endpoint\/wp\/v2\/posts"}],"about":[{"href":"https:\/\/archiwum.jedwabno.pl\/jdbn_json_endpoint\/wp\/v2\/types\/post"}],"author":[{"embeddable":true,"href":"https:\/\/archiwum.jedwabno.pl\/jdbn_json_endpoint\/wp\/v2\/users\/55"}],"replies":[{"embeddable":true,"href":"https:\/\/archiwum.jedwabno.pl\/jdbn_json_endpoint\/wp\/v2\/comments?post=8036"}],"version-history":[{"count":0,"href":"https:\/\/archiwum.jedwabno.pl\/jdbn_json_endpoint\/wp\/v2\/posts\/8036\/revisions"}],"wp:featuredmedia":[{"embeddable":true,"href":"https:\/\/archiwum.jedwabno.pl\/jdbn_json_endpoint\/wp\/v2\/media\/7581"}],"wp:attachment":[{"href":"https:\/\/archiwum.jedwabno.pl\/jdbn_json_endpoint\/wp\/v2\/media?parent=8036"}],"wp:term":[{"taxonomy":"category","embeddable":true,"href":"https:\/\/archiwum.jedwabno.pl\/jdbn_json_endpoint\/wp\/v2\/categories?post=8036"},{"taxonomy":"post_tag","embeddable":true,"href":"https:\/\/archiwum.jedwabno.pl\/jdbn_json_endpoint\/wp\/v2\/tags?post=8036"}],"curies":[{"name":"wp","href":"https:\/\/api.w.org\/{rel}","templated":true}]}}