{"id":7981,"date":"2014-11-07T10:21:18","date_gmt":"2014-11-07T10:21:18","guid":{"rendered":"https:\/\/www.jedwabno.pl\/?p=7981"},"modified":"2014-11-07T10:21:18","modified_gmt":"2014-11-07T10:21:18","slug":"informacja-punkt-selektywnego-zbierania-odpadow-problematycznych","status":"publish","type":"post","link":"https:\/\/archiwum.jedwabno.pl\/7981\/informacja-punkt-selektywnego-zbierania-odpadow-problematycznych","title":{"rendered":"Informacja &#8211; Punkt Selektywnego Zbierania Odpad\u00f3w Problematycznych"},"content":{"rendered":"<p>Dnia 10 listopada 2014 roku (poniedzia\u0142ek) Punkt Selektywnego Zbierania Odpad\u00f3w Problematycznych zlokalizowany na dzia\u0142ce przy oczyszczalni \u015bciek\u00f3w w Jedwabnie b\u0119dzie zamkni\u0119ty.<\/p>\n","protected":false},"excerpt":{"rendered":"<p>Dnia 10 listopada 2014 roku (poniedzia\u0142ek) Punkt Selektywnego Zbierania Odpad\u00f3w  [&#8230;]<\/p>\n","protected":false},"author":55,"featured_media":4898,"comment_status":"closed","ping_status":"closed","sticky":false,"template":"","format":"standard","meta":{"ngg_post_thumbnail":0,"footnotes":""},"categories":[1],"tags":[],"class_list":["post-7981","post","type-post","status-publish","format-standard","has-post-thumbnail","hentry","category-wiadomosci"],"_links":{"self":[{"href":"https:\/\/archiwum.jedwabno.pl\/jdbn_json_endpoint\/wp\/v2\/posts\/7981","targetHints":{"allow":["GET"]}}],"collection":[{"href":"https:\/\/archiwum.jedwabno.pl\/jdbn_json_endpoint\/wp\/v2\/posts"}],"about":[{"href":"https:\/\/archiwum.jedwabno.pl\/jdbn_json_endpoint\/wp\/v2\/types\/post"}],"author":[{"embeddable":true,"href":"https:\/\/archiwum.jedwabno.pl\/jdbn_json_endpoint\/wp\/v2\/users\/55"}],"replies":[{"embeddable":true,"href":"https:\/\/archiwum.jedwabno.pl\/jdbn_json_endpoint\/wp\/v2\/comments?post=7981"}],"version-history":[{"count":0,"href":"https:\/\/archiwum.jedwabno.pl\/jdbn_json_endpoint\/wp\/v2\/posts\/7981\/revisions"}],"wp:featuredmedia":[{"embeddable":true,"href":"https:\/\/archiwum.jedwabno.pl\/jdbn_json_endpoint\/wp\/v2\/media\/4898"}],"wp:attachment":[{"href":"https:\/\/archiwum.jedwabno.pl\/jdbn_json_endpoint\/wp\/v2\/media?parent=7981"}],"wp:term":[{"taxonomy":"category","embeddable":true,"href":"https:\/\/archiwum.jedwabno.pl\/jdbn_json_endpoint\/wp\/v2\/categories?post=7981"},{"taxonomy":"post_tag","embeddable":true,"href":"https:\/\/archiwum.jedwabno.pl\/jdbn_json_endpoint\/wp\/v2\/tags?post=7981"}],"curies":[{"name":"wp","href":"https:\/\/api.w.org\/{rel}","templated":true}]}}