{"id":783,"date":"2011-07-21T07:57:23","date_gmt":"2011-07-21T07:57:23","guid":{"rendered":"https:\/\/www.jedwabno.pl\/?p=783"},"modified":"2011-07-21T07:57:23","modified_gmt":"2011-07-21T07:57:23","slug":"targi-ekonomii-spolecznej","status":"publish","type":"post","link":"https:\/\/archiwum.jedwabno.pl\/783\/targi-ekonomii-spolecznej","title":{"rendered":"Targi Ekonomii Spo\u0142ecznej"},"content":{"rendered":"<p>Nidzicka Fundacja Rozwoju NIDA (Lider Projektu O\u015aRODEK WSPIERANIA INICJATYW EKONOMII SPO\u0141ECZNEJ) wraz z Partnerami: Dzia\u0142dowsk\u0105 Agencj\u0105 Rozwoju S.A., Stowarzyszeniem ?Centrum Rozwoju Ekonomicznego Pas\u0142\u0119ka? oraz Stowarzyszeniem Nidzicki Fundusz Lokalny zaprasza na<\/p>\n<p>Targi Ekonomii Spo\u0142ecznej,<\/p>\n<p>kt\u00f3re odb\u0119d\u0105 si\u0119 w dniu 6 sierpnia 2011 roku w Przedsi\u0119biorstwie Spo\u0142ecznym Garncarska Wioska w Kamionce\/ k. Nidzicy. Pocz\u0105tek o godzinie 14.00.<\/p>\n<p>Do udzia\u0142u w Targach w roli wystawcy serdecznie zapraszamy przedsi\u0119biorstwa spo\u0142eczne z wojew\u00f3dztwa warmi\u0144sko-mazurskiego (sp\u00f3\u0142dzielnie socjalne, stowarzyszenia, fundacje, sp\u00f3\u0142ki non for profit).<br \/>\nCelem Targ\u00f3w  jest prezentacja oferowanych us\u0142ug i produkt\u00f3w oraz okazja do wymiany do\u015bwiadcze\u0144 i nawi\u0105zania kontakt\u00f3w z innymi przedsi\u0119biorstwami i odbiorcami.<br \/>\nW dniu organizacji Targ\u00f3w Ekonomii Spo\u0142ecznej odb\u0119d\u0105 si\u0119 tak\u017ce Jarmark Rzemios\u0142a Mazurskiego, otwarcie Ku\u017ani  Mazurskiej a wieczorem Festiwal Ballad Okud\u017cawy.  <\/p>\n<p>Wi\u0119cej informacji na: http:\/\/ekonomiaspoleczna.nida.pl\/<\/p>\n","protected":false},"excerpt":{"rendered":"<p>Nidzicka Fundacja Rozwoju NIDA (Lider Projektu O\u015aRODEK WSPIERANIA INICJATYW EKONOMII  [&#8230;]<\/p>\n","protected":false},"author":55,"featured_media":0,"comment_status":"closed","ping_status":"open","sticky":false,"template":"","format":"standard","meta":{"ngg_post_thumbnail":0,"footnotes":""},"categories":[1],"tags":[],"class_list":["post-783","post","type-post","status-publish","format-standard","hentry","category-wiadomosci"],"_links":{"self":[{"href":"https:\/\/archiwum.jedwabno.pl\/jdbn_json_endpoint\/wp\/v2\/posts\/783","targetHints":{"allow":["GET"]}}],"collection":[{"href":"https:\/\/archiwum.jedwabno.pl\/jdbn_json_endpoint\/wp\/v2\/posts"}],"about":[{"href":"https:\/\/archiwum.jedwabno.pl\/jdbn_json_endpoint\/wp\/v2\/types\/post"}],"author":[{"embeddable":true,"href":"https:\/\/archiwum.jedwabno.pl\/jdbn_json_endpoint\/wp\/v2\/users\/55"}],"replies":[{"embeddable":true,"href":"https:\/\/archiwum.jedwabno.pl\/jdbn_json_endpoint\/wp\/v2\/comments?post=783"}],"version-history":[{"count":0,"href":"https:\/\/archiwum.jedwabno.pl\/jdbn_json_endpoint\/wp\/v2\/posts\/783\/revisions"}],"wp:attachment":[{"href":"https:\/\/archiwum.jedwabno.pl\/jdbn_json_endpoint\/wp\/v2\/media?parent=783"}],"wp:term":[{"taxonomy":"category","embeddable":true,"href":"https:\/\/archiwum.jedwabno.pl\/jdbn_json_endpoint\/wp\/v2\/categories?post=783"},{"taxonomy":"post_tag","embeddable":true,"href":"https:\/\/archiwum.jedwabno.pl\/jdbn_json_endpoint\/wp\/v2\/tags?post=783"}],"curies":[{"name":"wp","href":"https:\/\/api.w.org\/{rel}","templated":true}]}}