{"id":7800,"date":"2014-10-20T08:23:28","date_gmt":"2014-10-20T08:23:28","guid":{"rendered":"https:\/\/www.jedwabno.pl\/?p=7800"},"modified":"2014-10-23T15:35:06","modified_gmt":"2014-10-23T15:35:06","slug":"informacja-pogorszeniu-jakosci-wody-przeznaczonej-do-spozycia-w-sieci-wodociagowej-we-wsi-dzierzki","status":"publish","type":"post","link":"https:\/\/archiwum.jedwabno.pl\/7800\/informacja-pogorszeniu-jakosci-wody-przeznaczonej-do-spozycia-w-sieci-wodociagowej-we-wsi-dzierzki","title":{"rendered":"Informacja &#8211; o pogorszeniu jako\u015bci wody przeznaczonej do spo\u017cycia w sieci wodoci\u0105gowej we wsi Dzierzki"},"content":{"rendered":"<p style=\"text-align: center;\"><strong>INFORMACJA<\/strong><\/p>\n<p>Urz\u0105d Gminy w Jedwabnie informuje o\u00a0pogorszeniu jako\u015bci wody przeznaczonej do spo\u017cycia w sieci wodoci\u0105gowej we wsi Dzierzki, gm. Jedwabno. W zwi\u0105zku z przekroczeniami dopuszczalnych norm odno\u015bnie zawarto\u015bci mikroorganizm\u00f3w w wodzie pitnej oraz braku spodziewanych efekt\u00f3w w rozwi\u0105zaniu problemu jako\u015bci wody, prowadzona jest sta\u0142a dezynfekcja wody. Poziom chloru wolnego w wodzie wodoci\u0105gu Dzierzki mie\u015bci si\u0119 w dopuszczalnych st\u0119\u017ceniach.<\/p>\n<p style=\"text-align: right;\">\/ Administrator\/<\/p>\n","protected":false},"excerpt":{"rendered":"<p>INFORMACJA Urz\u0105d Gminy w Jedwabnie informuje o\u00a0pogorszeniu jako\u015bci wody przeznaczonej  [&#8230;]<\/p>\n","protected":false},"author":55,"featured_media":7581,"comment_status":"closed","ping_status":"closed","sticky":false,"template":"","format":"standard","meta":{"ngg_post_thumbnail":0,"footnotes":""},"categories":[1],"tags":[],"class_list":["post-7800","post","type-post","status-publish","format-standard","has-post-thumbnail","hentry","category-wiadomosci"],"_links":{"self":[{"href":"https:\/\/archiwum.jedwabno.pl\/jdbn_json_endpoint\/wp\/v2\/posts\/7800","targetHints":{"allow":["GET"]}}],"collection":[{"href":"https:\/\/archiwum.jedwabno.pl\/jdbn_json_endpoint\/wp\/v2\/posts"}],"about":[{"href":"https:\/\/archiwum.jedwabno.pl\/jdbn_json_endpoint\/wp\/v2\/types\/post"}],"author":[{"embeddable":true,"href":"https:\/\/archiwum.jedwabno.pl\/jdbn_json_endpoint\/wp\/v2\/users\/55"}],"replies":[{"embeddable":true,"href":"https:\/\/archiwum.jedwabno.pl\/jdbn_json_endpoint\/wp\/v2\/comments?post=7800"}],"version-history":[{"count":0,"href":"https:\/\/archiwum.jedwabno.pl\/jdbn_json_endpoint\/wp\/v2\/posts\/7800\/revisions"}],"wp:featuredmedia":[{"embeddable":true,"href":"https:\/\/archiwum.jedwabno.pl\/jdbn_json_endpoint\/wp\/v2\/media\/7581"}],"wp:attachment":[{"href":"https:\/\/archiwum.jedwabno.pl\/jdbn_json_endpoint\/wp\/v2\/media?parent=7800"}],"wp:term":[{"taxonomy":"category","embeddable":true,"href":"https:\/\/archiwum.jedwabno.pl\/jdbn_json_endpoint\/wp\/v2\/categories?post=7800"},{"taxonomy":"post_tag","embeddable":true,"href":"https:\/\/archiwum.jedwabno.pl\/jdbn_json_endpoint\/wp\/v2\/tags?post=7800"}],"curies":[{"name":"wp","href":"https:\/\/api.w.org\/{rel}","templated":true}]}}