{"id":7728,"date":"2014-10-08T13:17:50","date_gmt":"2014-10-08T13:17:50","guid":{"rendered":"https:\/\/www.jedwabno.pl\/?p=7728"},"modified":"2014-10-08T13:21:20","modified_gmt":"2014-10-08T13:21:20","slug":"fundusze-europejskie-dyzur-konsultanta-dnia-24-10-2014","status":"publish","type":"post","link":"https:\/\/archiwum.jedwabno.pl\/7728\/fundusze-europejskie-dyzur-konsultanta-dnia-24-10-2014","title":{"rendered":"Fundusze Europejskie ? dy\u017cur konsultanta dnia 24.10.2014"},"content":{"rendered":"<p>Szanowni Pa\u0144stwo,<br \/>\nUprzejmie zawiadamiamy, \u017ce w dniu 24.10.2014r. w Jedwabnie odb\u0119dzie si\u0119 dy\u017cur konsultanta Mobilnego Punktu Informacji Funduszy Europejskich. Wszystkich zainteresowanych uzyskaniem informacji na temat dotacji unijnych zapraszamy w godzinach 09:30 &#8211; 13:00.<\/p>\n<p>URZ\u0104D GMINY W JEDWABNIE<\/p>\n<p>Adres siedziby:<br \/>\nUl. Warmi\u0144ska 2<br \/>\n12-122 Jedwabno<\/p>\n<p>Dodatkowe informacje mo\u017cna uzyska\u0107 w G\u0142\u00f3wnym Punkcie Informacyjnym Funduszy Europejskich przy Urz\u0119dzie Marsza\u0142kowskim Wojew\u00f3dztwa Warmi\u0144sko-Mazurskiego w Olsztynie, telefon: 89 521 93 85.<\/p>\n<p>Serdecznie zapraszamy.<\/p>\n<p><a href=\"https:\/\/archiwum.jedwabno.pl\/wp-content\/uploads\/2014\/10\/dyzur-konsultanta.pdf\">Informacja dy\u017cur konsultanta PDF<\/a><\/p>\n","protected":false},"excerpt":{"rendered":"<p>Szanowni Pa\u0144stwo, Uprzejmie zawiadamiamy, \u017ce w dniu 24.10.2014r. w Jedwabnie  [&#8230;]<\/p>\n","protected":false},"author":55,"featured_media":7733,"comment_status":"closed","ping_status":"closed","sticky":false,"template":"","format":"standard","meta":{"ngg_post_thumbnail":0,"footnotes":""},"categories":[1],"tags":[],"class_list":["post-7728","post","type-post","status-publish","format-standard","has-post-thumbnail","hentry","category-wiadomosci"],"_links":{"self":[{"href":"https:\/\/archiwum.jedwabno.pl\/jdbn_json_endpoint\/wp\/v2\/posts\/7728","targetHints":{"allow":["GET"]}}],"collection":[{"href":"https:\/\/archiwum.jedwabno.pl\/jdbn_json_endpoint\/wp\/v2\/posts"}],"about":[{"href":"https:\/\/archiwum.jedwabno.pl\/jdbn_json_endpoint\/wp\/v2\/types\/post"}],"author":[{"embeddable":true,"href":"https:\/\/archiwum.jedwabno.pl\/jdbn_json_endpoint\/wp\/v2\/users\/55"}],"replies":[{"embeddable":true,"href":"https:\/\/archiwum.jedwabno.pl\/jdbn_json_endpoint\/wp\/v2\/comments?post=7728"}],"version-history":[{"count":0,"href":"https:\/\/archiwum.jedwabno.pl\/jdbn_json_endpoint\/wp\/v2\/posts\/7728\/revisions"}],"wp:featuredmedia":[{"embeddable":true,"href":"https:\/\/archiwum.jedwabno.pl\/jdbn_json_endpoint\/wp\/v2\/media\/7733"}],"wp:attachment":[{"href":"https:\/\/archiwum.jedwabno.pl\/jdbn_json_endpoint\/wp\/v2\/media?parent=7728"}],"wp:term":[{"taxonomy":"category","embeddable":true,"href":"https:\/\/archiwum.jedwabno.pl\/jdbn_json_endpoint\/wp\/v2\/categories?post=7728"},{"taxonomy":"post_tag","embeddable":true,"href":"https:\/\/archiwum.jedwabno.pl\/jdbn_json_endpoint\/wp\/v2\/tags?post=7728"}],"curies":[{"name":"wp","href":"https:\/\/api.w.org\/{rel}","templated":true}]}}