{"id":7672,"date":"2014-09-22T13:23:45","date_gmt":"2014-09-22T13:23:45","guid":{"rendered":"https:\/\/www.jedwabno.pl\/?p=7672"},"modified":"2014-09-22T14:40:04","modified_gmt":"2014-09-22T14:40:04","slug":"gmina-jedwabno-w-filmowym-obiektywie-drona","status":"publish","type":"post","link":"https:\/\/archiwum.jedwabno.pl\/7672\/gmina-jedwabno-w-filmowym-obiektywie-drona","title":{"rendered":"Gmina Jedwabno w filmowym obiektywie drona"},"content":{"rendered":"<p>Zach\u0119camy do obejrzenia filmu prezentuj\u0105cego walory przyrodnicze i turystyczne Gminy Jedwabno. Zalecamy\u00a0w\u0142\u0105czenia trybu HD i widoku pe\u0142noekranowego.<\/p>\n<p><iframe src=\"\/\/player.vimeo.com\/video\/106806531?title=0&amp;byline=0&amp;portrait=0\" width=\"500\" height=\"281\" frameborder=\"0\" allowfullscreen=\"allowfullscreen\"><\/iframe><\/p>\n","protected":false},"excerpt":{"rendered":"<p>Zach\u0119camy do obejrzenia filmu prezentuj\u0105cego walory przyrodnicze i turystyczne Gminy  [&#8230;]<\/p>\n","protected":false},"author":55,"featured_media":7677,"comment_status":"closed","ping_status":"closed","sticky":false,"template":"","format":"standard","meta":{"ngg_post_thumbnail":0,"footnotes":""},"categories":[1],"tags":[],"class_list":["post-7672","post","type-post","status-publish","format-standard","has-post-thumbnail","hentry","category-wiadomosci"],"_links":{"self":[{"href":"https:\/\/archiwum.jedwabno.pl\/jdbn_json_endpoint\/wp\/v2\/posts\/7672","targetHints":{"allow":["GET"]}}],"collection":[{"href":"https:\/\/archiwum.jedwabno.pl\/jdbn_json_endpoint\/wp\/v2\/posts"}],"about":[{"href":"https:\/\/archiwum.jedwabno.pl\/jdbn_json_endpoint\/wp\/v2\/types\/post"}],"author":[{"embeddable":true,"href":"https:\/\/archiwum.jedwabno.pl\/jdbn_json_endpoint\/wp\/v2\/users\/55"}],"replies":[{"embeddable":true,"href":"https:\/\/archiwum.jedwabno.pl\/jdbn_json_endpoint\/wp\/v2\/comments?post=7672"}],"version-history":[{"count":0,"href":"https:\/\/archiwum.jedwabno.pl\/jdbn_json_endpoint\/wp\/v2\/posts\/7672\/revisions"}],"wp:featuredmedia":[{"embeddable":true,"href":"https:\/\/archiwum.jedwabno.pl\/jdbn_json_endpoint\/wp\/v2\/media\/7677"}],"wp:attachment":[{"href":"https:\/\/archiwum.jedwabno.pl\/jdbn_json_endpoint\/wp\/v2\/media?parent=7672"}],"wp:term":[{"taxonomy":"category","embeddable":true,"href":"https:\/\/archiwum.jedwabno.pl\/jdbn_json_endpoint\/wp\/v2\/categories?post=7672"},{"taxonomy":"post_tag","embeddable":true,"href":"https:\/\/archiwum.jedwabno.pl\/jdbn_json_endpoint\/wp\/v2\/tags?post=7672"}],"curies":[{"name":"wp","href":"https:\/\/api.w.org\/{rel}","templated":true}]}}