{"id":752,"date":"2011-07-12T08:02:38","date_gmt":"2011-07-12T08:02:38","guid":{"rendered":"https:\/\/www.jedwabno.pl\/?p=752"},"modified":"2011-11-29T19:59:19","modified_gmt":"2011-11-29T19:59:19","slug":"xix-dni-jedwabna-8-9-07-2011","status":"publish","type":"post","link":"https:\/\/archiwum.jedwabno.pl\/752\/xix-dni-jedwabna-8-9-07-2011","title":{"rendered":"XIX Dni Jedwabna, 8-9.07.2011"},"content":{"rendered":"<p class=\"Standard\" style=\"text-align: center;\"><strong>XIX DNI JEDWABNA<\/strong><\/p>\n<p class=\"Standard\" style=\"text-align: center;\"><strong>8-9.07.2011, stadion sportowy w Jedwabnie<\/strong><\/p>\n<p class=\"Standard\" style=\"text-align: justify;\"><span style=\"text-decoration: underline;\"><span style=\"text-decoration: none;\">\u00a0<\/span><\/span><span style=\"text-decoration: underline;\"><span style=\"color: #1f497d;\">DZIE\u0143 PIERWSZY, PI\u0104TEK<\/span><\/span><span style=\"color: #1f497d;\">,<\/span> po\u015bwi\u0119cony zosta\u0142 m\u0142odzie\u017cy.<\/p>\n<p class=\"Standard\" style=\"text-align: justify;\">Rozpocz\u0119\u0142a go ?Amatorska scena muzyczna? by\u0142y to wyst\u0119py grupy wokalnej prowadzonej przez dyrektor Gminnego O\u015brodka Kultury w Jedwabnie <strong style=\"mso-bidi-font-weight: normal;\">Magdalen\u0119 Dunajsk\u0105 ? <span style=\"color: black;\">Lazer<\/span><\/strong>. Nast\u0119pnym punktem zabawy by\u0142y wyst\u0119py olszty\u0144skich zespo\u0142\u00f3w rokowych takich jak: <strong style=\"mso-bidi-font-weight: normal;\">NERV<\/strong> i <strong style=\"mso-bidi-font-weight: normal;\">D&#8217;DORSH<\/strong>. M\u0142odzie\u017c, kt\u00f3ra przyby\u0142a by\u0142a zachwycona tym rodzajem muzyki, tak\u017ce starsze pokolenie z zaciekawieniem s\u0142ucha\u0142o rokowego brzmienia. Zabawa zako\u0144czy\u0142a si\u0119 dyskotek\u0105 po\u0142\u0105czon\u0105 z widowiskowymi pokazami m\u0142odzie\u017cowych grup <strong style=\"mso-bidi-font-weight: normal;\">?The Shadows? z<\/strong> <strong style=\"mso-bidi-font-weight: normal;\">Jedwabna<\/strong> oraz <strong style=\"mso-bidi-font-weight: normal;\">?Flamme? z<span style=\"mso-spacerun: yes;\">\u00a0 <\/span>Witowa<\/strong> w ta\u0144cu ognia. Zabawa by\u0142a tak udana \u017ce, mimo ulewnego deszczu wszyscy bawili si\u0119 do ko\u0144ca.<\/p>\n<p class=\"Standard\" style=\"text-align: justify;\">\u00a0<span style=\"text-decoration: underline;\"><span style=\"color: #1f497d;\">DZIE\u0143 DRUGI, SOBOTA<\/span><\/span>, tego dnia dopisa\u0142a kapry\u015bna aura i od rana \u015bwieci\u0142o s\u0142o\u0144ce.<\/p>\n<p class=\"Standard\" style=\"text-align: justify;\">Dzie\u0144\u00a0ten pe\u0142en by\u0142 r\u00f3\u017cnych atrakcji, zw\u0142aszcza dla dzieci, kt\u00f3re doskonale bawi\u0142y si\u0119 podczas zabaw i konkurs\u00f3w dodatkowo korzystaj\u0105c z dmuchanych zabawek czy trampoliny. <span style=\"color: black;\">Radna <strong style=\"mso-bidi-font-weight: normal;\">Katarzyna \u017bebrowska <\/strong>poprowadzi\u0142a wyst\u0119py artystyczne dzieci z<strong style=\"mso-bidi-font-weight: normal;\"> Ko\u0142a Teatralnego ?Entliczek-Pentliczek?<\/strong>, <strong style=\"mso-bidi-font-weight: normal;\">z Nowego Dworu<\/strong>. Dzieci recytowa\u0142y wiersze o mamach oraz dla mam, a tak\u017ce dla tatusi\u00f3w i dla doros\u0142ych, kt\u00f3re przeplatane by\u0142y piosenkami. Jedna z uczestniczek ko\u0142a teatralnego, Wiktoria Brejnak, za\u015bpiewa\u0142a piosenk\u0119 ?Ma\u0142go\u015bka? Maryli Rodowicz. Natomiast z Witowa przyjecha\u0142a do nas grupa dziewczynek <strong>&#8222;G\u0104SI\u0118NNICZKI HULA-HOPKI&#8221;<\/strong> dzia\u0142aj\u0105ca pod kierunkiem Pani <strong>Haliny Salamo\u0144skiej.<\/strong>\u00a0Na scenie zaprezentowa\u0142y sie tak\u017ce dzieci ucz\u0119szczaj\u0105ce na zaj\u0119cia do Gminnego O\u015brodka Kultury w Jedwabnie.<\/span><\/p>\n<p class=\"Standard\" style=\"text-align: justify;\">O godzinie 11.00 rozpocz\u0105\u0142 si\u0119 <strong style=\"mso-bidi-font-weight: normal;\">? Festyn Sportowy?<\/strong> zorganizowany przez <strong style=\"mso-bidi-font-weight: normal;\">Uczniowski Klub Sportowy ?Bocian?<\/strong> dzia\u0142aj\u0105cy przy Zespole Szk\u00f3\u0142 w Jedwabnie. Festyn ten cieszy\u0142 si\u0119 du\u017cym zainteresowaniem widz\u00f3w, kt\u00f3rzy obserwowali zmagania i rywalizacj\u0119 dru\u017cyn w r\u00f3\u017cnych turniejach, jak np. pi\u0142karskim lub pi\u0142ki pla\u017cowej, na specjalnie przygotowanej na ten dzie\u0144 ?mini? pla\u017cy. Oko\u0142o godziny 16.30 nast\u0105pi\u0142o uroczyste wr\u0119czenie nagr\u00f3d przez<span style=\"mso-spacerun: yes;\">\u00a0 <\/span>w\u00f3jta gminy Jedwabno <strong style=\"mso-bidi-font-weight: normal;\">Krzysztof Otulakowskiego <\/strong>oraz prezesa klubu <strong style=\"mso-bidi-font-weight: normal;\">Marcina Zapadka<\/strong>. Natomiast Pani <strong style=\"mso-bidi-font-weight: normal;\">Sylwia Jaskulska<\/strong>, zast\u0119pca starosty szczycie\u0144skiego, ofiarowa\u0142a m\u0142odym sportowcom pi\u0142ki.<\/p>\n<p class=\"Standard\" style=\"text-align: justify;\">Nie zabrak\u0142o r\u00f3wnie\u017c stoisk kulinarnych naszych so\u0142ectw. Do pysznych potraw zach\u0119ca\u0142y nas stoiska przygotowane przez gospodynie z <strong>Szuci<\/strong> z pani\u0105 so\u0142tys <strong>Mariann\u0105 Bara\u0144sk\u0105<\/strong> na czele, <strong>Ko\u0142o Gospody\u0144 Wiejskich z Lipnik<\/strong> z pani\u0105 prezes <strong>Ann\u0105 \u015aledzik<\/strong> oraz stoisko przygotowane przez so\u0142tys wsi <strong>Burd\u0105g Magd\u0119 G\u0105siorowsk\u0105<\/strong>. Nie zabrak\u0142o na nich da\u0144 gor\u0105cych takich jak : \u017curek, gulasz, pierogi, go\u0142\u0105bki, szasz\u0142yki i wielu innych oraz ciast i sa\u0142atek. Natomiast<span>\u00a0 <\/span><strong>Stowarzyszenie Kotowskie Centrum Aktywno\u015bci Lokalnej &#8222;Omulew&#8221;<\/strong>, w osobie pani <strong>Urszuli Poryckiej<\/strong>, zach\u0119ca\u0142o do obejrzenia ciekawych papierowych kwiat\u00f3w, kolorowych \u015blimak\u00f3w z masy oraz oczywi\u015bcie kot\u00f3w. By\u0142y tak\u017ce stoiska z drewnianymi rze\u017abami, obrazami oraz wyrobami z gliny (w zwi\u0105zku z realizacj\u0105 projektu pt. ?W mazurskiej wsi Kot? realizowanego przy wsparciu finansowym Samorz\u0105du Wojew\u00f3dztwa Warmi\u0144sko ? Mazurskiego). Zupe\u0142nie inne tematycznie by\u0142o przyrodnicze stoisko <strong>Nadle\u015bnictwa Jedwabno<\/strong> z uwielbianym ?kr\u0119cio\u0142em? dla najm\u0142odszych. Tego dnia by\u0142o mo\u017cna przejecha\u0107 si\u0119 r\u00f3wnie\u017c samochodami testowymi<span>\u00a0 <\/span>wystawionymi przez firm\u0119 <strong>MATSERWIS<\/strong>.<\/p>\n<p class=\"Standard\" style=\"text-align: justify;\"><span style=\"mso-spacerun: yes;\">\u00a0<\/span>Podczas Dni Jedwabna nie mog\u0142o oczywi\u015bcie zabrakn\u0105\u0107 bloku edukacyjnego, kt\u00f3ry poprowadzili funkcjonariusze z <strong style=\"mso-bidi-font-weight: normal;\">Komendy Powiatowej Policji w Szczytnie<\/strong>.<\/p>\n<p class=\"Standard\" style=\"text-align: justify;\">Dalsz\u0105 zabaw\u0119 swoim wyst\u0119pem u\u015bwietni\u0142 lokalny zesp\u00f3\u0142 <strong style=\"mso-bidi-font-weight: normal;\">?Ej\u017ce?<\/strong> z Witowa oraz <strong style=\"mso-bidi-font-weight: normal;\">?Kapela J\u0119drka?<\/strong> ze Szczytna. Gwiazd\u0105 wieczoru by\u0142 <strong style=\"mso-bidi-font-weight: normal;\">Bernard Dornowski <\/strong>cz\u0142onek zespo\u0142u Czerwone Gitary. Publiczno\u015b\u0107 niezale\u017cnie od wieku bawi\u0142a si\u0119 doskonale. Uwie\u0144czeniem dnia by\u0142a dyskoteka poprowadzona przez profesjonalnych DJ-\u00f3w. Kolorowe \u015bwiat\u0142a i rozbawiona publiczno\u015b\u0107 &#8211; tak w\u0142a\u015bnie zako\u0144czy\u0142y si\u0119 <strong style=\"mso-bidi-font-weight: normal;\">XIX DNI JEDWABNA<\/strong>.<\/p>\nngg_shortcode_0_placeholder\n<p>&nbsp;<\/p>\n<p>Zdj\u0119cia: El\u017cbieta Mi\u015bcierewicz &#8211; Otulakowska, Izabela M\u0119zi\u0144ska<\/p>\n","protected":false},"excerpt":{"rendered":"<p>XIX DNI JEDWABNA 8-9.07.2011, stadion sportowy w Jedwabnie \u00a0DZIE\u0143 PIERWSZY,  [&#8230;]<\/p>\n","protected":false},"author":55,"featured_media":754,"comment_status":"closed","ping_status":"open","sticky":false,"template":"","format":"standard","meta":{"ngg_post_thumbnail":0,"footnotes":""},"categories":[1],"tags":[],"class_list":["post-752","post","type-post","status-publish","format-standard","has-post-thumbnail","hentry","category-wiadomosci"],"_links":{"self":[{"href":"https:\/\/archiwum.jedwabno.pl\/jdbn_json_endpoint\/wp\/v2\/posts\/752","targetHints":{"allow":["GET"]}}],"collection":[{"href":"https:\/\/archiwum.jedwabno.pl\/jdbn_json_endpoint\/wp\/v2\/posts"}],"about":[{"href":"https:\/\/archiwum.jedwabno.pl\/jdbn_json_endpoint\/wp\/v2\/types\/post"}],"author":[{"embeddable":true,"href":"https:\/\/archiwum.jedwabno.pl\/jdbn_json_endpoint\/wp\/v2\/users\/55"}],"replies":[{"embeddable":true,"href":"https:\/\/archiwum.jedwabno.pl\/jdbn_json_endpoint\/wp\/v2\/comments?post=752"}],"version-history":[{"count":0,"href":"https:\/\/archiwum.jedwabno.pl\/jdbn_json_endpoint\/wp\/v2\/posts\/752\/revisions"}],"wp:featuredmedia":[{"embeddable":true,"href":"https:\/\/archiwum.jedwabno.pl\/jdbn_json_endpoint\/wp\/v2\/media\/754"}],"wp:attachment":[{"href":"https:\/\/archiwum.jedwabno.pl\/jdbn_json_endpoint\/wp\/v2\/media?parent=752"}],"wp:term":[{"taxonomy":"category","embeddable":true,"href":"https:\/\/archiwum.jedwabno.pl\/jdbn_json_endpoint\/wp\/v2\/categories?post=752"},{"taxonomy":"post_tag","embeddable":true,"href":"https:\/\/archiwum.jedwabno.pl\/jdbn_json_endpoint\/wp\/v2\/tags?post=752"}],"curies":[{"name":"wp","href":"https:\/\/api.w.org\/{rel}","templated":true}]}}