{"id":6117,"date":"2014-02-21T11:07:47","date_gmt":"2014-02-21T11:07:47","guid":{"rendered":"https:\/\/www.jedwabno.pl\/?p=6117"},"modified":"2014-02-21T11:07:59","modified_gmt":"2014-02-21T11:07:59","slug":"przerwa-w-dostawie-wody-25-02-2014-waplewo-burdag","status":"publish","type":"post","link":"https:\/\/archiwum.jedwabno.pl\/6117\/przerwa-w-dostawie-wody-25-02-2014-waplewo-burdag","title":{"rendered":"Przerwa w dostawie wody 25.02.2014 (wtorek) &#8211; Waplewo, Burd\u0105g"},"content":{"rendered":"<p align=\"CENTER\"><span><b>OG\u0141OSZENIE<\/b><\/span><\/p>\n<p align=\"CENTER\"><span> Gmina Jedwabno informuje, i\u017c w dniu <\/span><span><b>25.02.2014r. <\/b><\/span><span>(wtorek)<br \/>\nw godzinach <\/span><span><b>8<\/b><\/span><sup><span><b>00 <\/b><\/span><\/sup><span><b>&#8211; 15<\/b><\/span><sup><span><b>00<\/b><\/span><\/sup><span> nast\u0105pi przerwa w dostawie wody na terenie miejscowo\u015bci Waplewo oraz w cz\u0119\u015bci miejscowo\u015bci Burd\u0105g &#8211; od nr 50 w stron\u0119 wsi Waplewo. <\/span><\/p>\n<p align=\"CENTER\"><span> Za powsta\u0142e utrudnienia przepraszamy.<\/span><\/p>\n<p style=\"text-align: right;\" align=\"JUSTIFY\"><span> Administrator<\/span><\/p>\n<p>&nbsp;<\/p>\n","protected":false},"excerpt":{"rendered":"<p>OG\u0141OSZENIE Gmina Jedwabno informuje, i\u017c w dniu 25.02.2014r. (wtorek) w  [&#8230;]<\/p>\n","protected":false},"author":55,"featured_media":0,"comment_status":"closed","ping_status":"closed","sticky":false,"template":"","format":"standard","meta":{"ngg_post_thumbnail":0,"footnotes":""},"categories":[1],"tags":[],"class_list":["post-6117","post","type-post","status-publish","format-standard","hentry","category-wiadomosci"],"_links":{"self":[{"href":"https:\/\/archiwum.jedwabno.pl\/jdbn_json_endpoint\/wp\/v2\/posts\/6117","targetHints":{"allow":["GET"]}}],"collection":[{"href":"https:\/\/archiwum.jedwabno.pl\/jdbn_json_endpoint\/wp\/v2\/posts"}],"about":[{"href":"https:\/\/archiwum.jedwabno.pl\/jdbn_json_endpoint\/wp\/v2\/types\/post"}],"author":[{"embeddable":true,"href":"https:\/\/archiwum.jedwabno.pl\/jdbn_json_endpoint\/wp\/v2\/users\/55"}],"replies":[{"embeddable":true,"href":"https:\/\/archiwum.jedwabno.pl\/jdbn_json_endpoint\/wp\/v2\/comments?post=6117"}],"version-history":[{"count":0,"href":"https:\/\/archiwum.jedwabno.pl\/jdbn_json_endpoint\/wp\/v2\/posts\/6117\/revisions"}],"wp:attachment":[{"href":"https:\/\/archiwum.jedwabno.pl\/jdbn_json_endpoint\/wp\/v2\/media?parent=6117"}],"wp:term":[{"taxonomy":"category","embeddable":true,"href":"https:\/\/archiwum.jedwabno.pl\/jdbn_json_endpoint\/wp\/v2\/categories?post=6117"},{"taxonomy":"post_tag","embeddable":true,"href":"https:\/\/archiwum.jedwabno.pl\/jdbn_json_endpoint\/wp\/v2\/tags?post=6117"}],"curies":[{"name":"wp","href":"https:\/\/api.w.org\/{rel}","templated":true}]}}