{"id":6001,"date":"2014-01-29T09:12:40","date_gmt":"2014-01-29T09:12:40","guid":{"rendered":"https:\/\/www.jedwabno.pl\/?p=6001"},"modified":"2014-01-29T09:47:28","modified_gmt":"2014-01-29T09:47:28","slug":"zespol-szkol-symboliczne-otwarcie-hali-sportowej","status":"publish","type":"post","link":"https:\/\/archiwum.jedwabno.pl\/6001\/zespol-szkol-symboliczne-otwarcie-hali-sportowej","title":{"rendered":"Zesp\u00f3\u0142 Szk\u00f3\u0142 &#8211; symboliczne otwarcie hali sportowej"},"content":{"rendered":"<p style=\"text-align: center;\">Dnia 24.01.2014 roku mia\u0142o miejsce symboliczne otwarcie, przez dyrektor\u00f3w Zespo\u0142u Szk\u00f3\u0142, korytarza \u0142\u0105cz\u0105cego budynek szko\u0142y z\u00a0 hal\u0105 sportow\u0105.<\/p>\nngg_shortcode_0_placeholder\n","protected":false},"excerpt":{"rendered":"<p>Dnia 24.01.2014 roku mia\u0142o miejsce symboliczne otwarcie, przez dyrektor\u00f3w Zespo\u0142u  [&#8230;]<\/p>\n","protected":false},"author":55,"featured_media":6020,"comment_status":"closed","ping_status":"closed","sticky":false,"template":"","format":"standard","meta":{"ngg_post_thumbnail":0,"footnotes":""},"categories":[1],"tags":[],"class_list":["post-6001","post","type-post","status-publish","format-standard","has-post-thumbnail","hentry","category-wiadomosci"],"_links":{"self":[{"href":"https:\/\/archiwum.jedwabno.pl\/jdbn_json_endpoint\/wp\/v2\/posts\/6001","targetHints":{"allow":["GET"]}}],"collection":[{"href":"https:\/\/archiwum.jedwabno.pl\/jdbn_json_endpoint\/wp\/v2\/posts"}],"about":[{"href":"https:\/\/archiwum.jedwabno.pl\/jdbn_json_endpoint\/wp\/v2\/types\/post"}],"author":[{"embeddable":true,"href":"https:\/\/archiwum.jedwabno.pl\/jdbn_json_endpoint\/wp\/v2\/users\/55"}],"replies":[{"embeddable":true,"href":"https:\/\/archiwum.jedwabno.pl\/jdbn_json_endpoint\/wp\/v2\/comments?post=6001"}],"version-history":[{"count":0,"href":"https:\/\/archiwum.jedwabno.pl\/jdbn_json_endpoint\/wp\/v2\/posts\/6001\/revisions"}],"wp:featuredmedia":[{"embeddable":true,"href":"https:\/\/archiwum.jedwabno.pl\/jdbn_json_endpoint\/wp\/v2\/media\/6020"}],"wp:attachment":[{"href":"https:\/\/archiwum.jedwabno.pl\/jdbn_json_endpoint\/wp\/v2\/media?parent=6001"}],"wp:term":[{"taxonomy":"category","embeddable":true,"href":"https:\/\/archiwum.jedwabno.pl\/jdbn_json_endpoint\/wp\/v2\/categories?post=6001"},{"taxonomy":"post_tag","embeddable":true,"href":"https:\/\/archiwum.jedwabno.pl\/jdbn_json_endpoint\/wp\/v2\/tags?post=6001"}],"curies":[{"name":"wp","href":"https:\/\/api.w.org\/{rel}","templated":true}]}}