{"id":597,"date":"2011-07-03T16:16:05","date_gmt":"2011-07-03T16:16:05","guid":{"rendered":"http:\/\/web.jedwabno.pl\/?p=597"},"modified":"2011-07-03T16:16:05","modified_gmt":"2011-07-03T16:16:05","slug":"piknik-w-szuci-26-06-2011","status":"publish","type":"post","link":"https:\/\/archiwum.jedwabno.pl\/597\/piknik-w-szuci-26-06-2011","title":{"rendered":"Piknik w Szuci, 26.06.2011"},"content":{"rendered":"<p style=\"text-align: center;\"><strong>RODZINNY PIKNIK<\/strong><\/p>\n<p style=\"text-align: center;\"><strong>SZU\u0106, 26.06.2011<\/strong><\/p>\n<p>W niedziel\u0119 w Szuci mia\u0142 miejsce piknik rodzinny z wieloma atrakcjami dla dzieci. Tego dnia dopisa\u0142a nawet kapry\u015bna pogoda i dzieciaki mog\u0142y poje\u017adzi\u0107 na konikach,poskaka\u0107 w trampolinie oraz zje\u015b\u0107 co\u015b s\u0142odkiego. Wszystko to oczywi\u015bcie pod czujnym okiem rodzic\u00f3w,kt\u00f3rzy korzystaj\u0105c z faktu,i\u017c dzieci zaj\u0119\u0142y si\u0119 zabaw\u0105 mogli spokojnie sobie porozmawia\u0107, na co w ci\u0105gu pracowitego tygodnia nie zawsze jest czas. By\u0142a to bardzo udana zabawa.<\/p>\n<p>&nbsp;<\/p>\nngg_shortcode_0_placeholder\n<p>&nbsp;<\/p>\n<p>Zdj\u0119cia: El\u017cbieta Mi\u015bcierewicz &#8211; Otulakowska<\/p>\n<p>&nbsp;<\/p>\n","protected":false},"excerpt":{"rendered":"<p>RODZINNY PIKNIK SZU\u0106, 26.06.2011 W niedziel\u0119 w Szuci mia\u0142 miejsce  [&#8230;]<\/p>\n","protected":false},"author":55,"featured_media":600,"comment_status":"closed","ping_status":"open","sticky":false,"template":"","format":"standard","meta":{"ngg_post_thumbnail":0,"footnotes":""},"categories":[1],"tags":[],"class_list":["post-597","post","type-post","status-publish","format-standard","has-post-thumbnail","hentry","category-wiadomosci"],"_links":{"self":[{"href":"https:\/\/archiwum.jedwabno.pl\/jdbn_json_endpoint\/wp\/v2\/posts\/597","targetHints":{"allow":["GET"]}}],"collection":[{"href":"https:\/\/archiwum.jedwabno.pl\/jdbn_json_endpoint\/wp\/v2\/posts"}],"about":[{"href":"https:\/\/archiwum.jedwabno.pl\/jdbn_json_endpoint\/wp\/v2\/types\/post"}],"author":[{"embeddable":true,"href":"https:\/\/archiwum.jedwabno.pl\/jdbn_json_endpoint\/wp\/v2\/users\/55"}],"replies":[{"embeddable":true,"href":"https:\/\/archiwum.jedwabno.pl\/jdbn_json_endpoint\/wp\/v2\/comments?post=597"}],"version-history":[{"count":0,"href":"https:\/\/archiwum.jedwabno.pl\/jdbn_json_endpoint\/wp\/v2\/posts\/597\/revisions"}],"wp:featuredmedia":[{"embeddable":true,"href":"https:\/\/archiwum.jedwabno.pl\/jdbn_json_endpoint\/wp\/v2\/media\/600"}],"wp:attachment":[{"href":"https:\/\/archiwum.jedwabno.pl\/jdbn_json_endpoint\/wp\/v2\/media?parent=597"}],"wp:term":[{"taxonomy":"category","embeddable":true,"href":"https:\/\/archiwum.jedwabno.pl\/jdbn_json_endpoint\/wp\/v2\/categories?post=597"},{"taxonomy":"post_tag","embeddable":true,"href":"https:\/\/archiwum.jedwabno.pl\/jdbn_json_endpoint\/wp\/v2\/tags?post=597"}],"curies":[{"name":"wp","href":"https:\/\/api.w.org\/{rel}","templated":true}]}}