{"id":5694,"date":"2013-11-20T14:36:39","date_gmt":"2013-11-20T14:36:39","guid":{"rendered":"https:\/\/www.jedwabno.pl\/?p=5694"},"modified":"2013-11-20T14:36:39","modified_gmt":"2013-11-20T14:36:39","slug":"kamil-putra-wicemistrz-polski-mdk-tsd-z-jedwabna","status":"publish","type":"post","link":"https:\/\/archiwum.jedwabno.pl\/5694\/kamil-putra-wicemistrz-polski-mdk-tsd-z-jedwabna","title":{"rendered":"Kamil Putra wicemistrz Polski MDK -TSD z Jedwabna."},"content":{"rendered":"<p>To niezwyk\u0142a historia ch\u0142opca, wydawa\u0107 by si\u0119 mog\u0142o, \u017ce pisana przez filmowego scenarzyst\u0119 &#8211; ch\u0142opca, kt\u00f3ry spe\u0142nia swoje marzenia. Wszystko zacz\u0119\u0142o si\u0119 w Gminnym O\u015brodku Kultury w Jedwabnie, tam to Kamil Putra zacz\u0105\u0142 ucz\u0119szcza\u0107 na zaj\u0119cia taekwondo, a by\u0142 to wrzesie\u0144 2011 roku. Po miesi\u0105cach ci\u0119\u017ckich trening\u00f3w\u00a0 instruktor niniejszych zaj\u0119\u0107 \u00a0Bartosz Zab\u0142otny przyj\u0105\u0142 Kamila do swojego klubu sportowego. I tak, Kamil sta\u0142 si\u0119 cz\u0142onkiem Klubu Sportowego EGIDA Barczewo &#8211; Olsztynek i\u00a0 zacz\u0105\u0142 je\u017adzi\u0107 na turnieje. Okaza\u0142o si\u0119, \u017ce ma niesamowity talent, co odzwierciedla\u0142y zajmowane przez niego miejsca na podium. Jest przyk\u0142adem dla swoich r\u00f3wie\u015bnik\u00f3w, \u017ce warto cho\u0107 \u00a0na chwil\u0119 zboczy\u0107 z trasy codziennego bezcelowego&#8221;w\u0142\u00f3czenia si\u0119&#8221; po swojej miejscowo\u015bci, aby m\u00f3c spe\u0142nia\u0107 swoje marzenia. A Kamila przygoda ze sportem dopiero si\u0119 zaczyna&#8230;<\/p>\n<p>&nbsp;<\/p>\n<p>Turnieje, w kt\u00f3rych Kamil wzi\u0105\u0142 udzia\u0142:<\/p>\n<p>IX Mistrzostwa Polski MDK &#8211; TSD, \u015awiedziebnia 16.11.2013 rok &#8211;\u00a0<strong>II miejsce<\/strong>\u00a0w kategorii: semi &#8211; contakt Juniorzy open<\/p>\n<p>IX Mistrzostwa Polski MDK &#8211; TSD, \u015awiedziebnia 16.11.2013 rok &#8211;\u00a0<strong>III miejsce<\/strong> w kategorii: techniki specjalne 16-18 lat<\/p>\n<p>Gladius Cup Ostr\u00f3dzki Festiwal Sztuk Walk, Ostr\u00f3da 12.10.2013 rok &#8211;<strong> I miejsce<\/strong> w kategorii: semi-contact Juniorzy ch\u0142opcy &#8211; 185<\/p>\n<p>Susz Cup Mistrzostwa Polski UFR, Susz 08.06.2013 rok &#8211; <strong>I miejsce<\/strong> w kategorii: pointfighting Juniorzy +185<\/p>\n<p>Mieszane Sztuki Walki Federacji WFMC, Barczewo 11.05.2013 rok &#8211; <strong>III miejsce<\/strong> w kategorii: stop point Juniorzy +185<\/p>\n<p>&nbsp;<\/p>\nngg_shortcode_0_placeholder\n","protected":false},"excerpt":{"rendered":"<p>To niezwyk\u0142a historia ch\u0142opca, wydawa\u0107 by si\u0119 mog\u0142o, \u017ce pisana  [&#8230;]<\/p>\n","protected":false},"author":55,"featured_media":5697,"comment_status":"closed","ping_status":"closed","sticky":false,"template":"","format":"standard","meta":{"ngg_post_thumbnail":0,"footnotes":""},"categories":[1],"tags":[],"class_list":["post-5694","post","type-post","status-publish","format-standard","has-post-thumbnail","hentry","category-wiadomosci"],"_links":{"self":[{"href":"https:\/\/archiwum.jedwabno.pl\/jdbn_json_endpoint\/wp\/v2\/posts\/5694","targetHints":{"allow":["GET"]}}],"collection":[{"href":"https:\/\/archiwum.jedwabno.pl\/jdbn_json_endpoint\/wp\/v2\/posts"}],"about":[{"href":"https:\/\/archiwum.jedwabno.pl\/jdbn_json_endpoint\/wp\/v2\/types\/post"}],"author":[{"embeddable":true,"href":"https:\/\/archiwum.jedwabno.pl\/jdbn_json_endpoint\/wp\/v2\/users\/55"}],"replies":[{"embeddable":true,"href":"https:\/\/archiwum.jedwabno.pl\/jdbn_json_endpoint\/wp\/v2\/comments?post=5694"}],"version-history":[{"count":0,"href":"https:\/\/archiwum.jedwabno.pl\/jdbn_json_endpoint\/wp\/v2\/posts\/5694\/revisions"}],"wp:featuredmedia":[{"embeddable":true,"href":"https:\/\/archiwum.jedwabno.pl\/jdbn_json_endpoint\/wp\/v2\/media\/5697"}],"wp:attachment":[{"href":"https:\/\/archiwum.jedwabno.pl\/jdbn_json_endpoint\/wp\/v2\/media?parent=5694"}],"wp:term":[{"taxonomy":"category","embeddable":true,"href":"https:\/\/archiwum.jedwabno.pl\/jdbn_json_endpoint\/wp\/v2\/categories?post=5694"},{"taxonomy":"post_tag","embeddable":true,"href":"https:\/\/archiwum.jedwabno.pl\/jdbn_json_endpoint\/wp\/v2\/tags?post=5694"}],"curies":[{"name":"wp","href":"https:\/\/api.w.org\/{rel}","templated":true}]}}