{"id":5447,"date":"2013-09-06T07:15:12","date_gmt":"2013-09-06T07:15:12","guid":{"rendered":"https:\/\/www.jedwabno.pl\/?p=5447"},"modified":"2013-09-06T07:15:12","modified_gmt":"2013-09-06T07:15:12","slug":"gminne-zawody-sportowo-pozarnicze-osp-jedwabno-1-wrzesnia-2013-r","status":"publish","type":"post","link":"https:\/\/archiwum.jedwabno.pl\/5447\/gminne-zawody-sportowo-pozarnicze-osp-jedwabno-1-wrzesnia-2013-r","title":{"rendered":"Gminne Zawody Sportowo ? Po\u017carnicze OSP Jedwabno, 1 wrze\u015bnia 2013 r."},"content":{"rendered":"<p align=\"center\"><b>Gminne Zawody Sportowo ? Po\u017carnicze OSP<\/b><\/p>\n<p align=\"center\"><b>Jedwabno, 1 wrze\u015bnia 2013 r.<\/b><\/p>\n<p>&nbsp;<\/p>\n<p>W dniu 1 wrze\u015bnia 2013 r. na stadionie sportowym w Jedwabnie odby\u0142y si\u0119 Gminne Zawody Sportowo ? Po\u017carnicze OSP gmin Jedwabno i Wielbark, w kt\u00f3rych wzi\u0119\u0142o udzia\u0142 13 dru\u017cyn.<\/p>\n<p>&nbsp;<\/p>\n<p>&#8211;\u00a0 \u00a0 \u00a0 \u00a0\u00a0 OSP Jedwabno ? dru\u017cyna m\u0119ska, Kobieca Dru\u017cyna Po\u017carnicza, MDP ? ch\u0142opcy do lat 14,<\/p>\n<p>&#8211;\u00a0 \u00a0 \u00a0 \u00a0\u00a0 OSP Nowy Dw\u00f3r ? dru\u017cyna m\u0119ska,<\/p>\n<p>&#8211;\u00a0 \u00a0 \u00a0 \u00a0\u00a0 OSP Szu\u0107 ? dru\u017cyna m\u0119ska, MDP ? dziewcz\u0119ta do lat 18, MDP ? ch\u0142opcy do lat 18, MDP ? ch\u0142opcy do lat 12,<\/p>\n<p>&#8211;\u00a0 \u00a0 \u00a0 \u00a0\u00a0 OSP Wielbark ? dru\u017cyna m\u0119ska, MDP ? ch\u0142opcy do lat 16,<\/p>\n<p>&#8211; \u00a0 \u00a0 \u00a0\u00a0 OSP Weso\u0142owo ? dru\u017cyna m\u0119ska,<\/p>\n<p>&#8211; \u00a0 \u00a0 \u00a0\u00a0 OSP Lesiny Wielkie ? dru\u017cyna m\u0119ska,<\/p>\n<p>&#8211;\u00a0 \u00a0 \u00a0 \u00a0\u00a0 OSP Pasym ? dru\u017cyna mieszana (w sk\u0142adzie startowa\u0142y dwie kobiety) ? go\u015bcinnie.<\/p>\n<p>&nbsp;<\/p>\n<p>Komisj\u0119 s\u0119dziowsk\u0105 powo\u0142a\u0142 Komendant Powiatowy Pa\u0144stwowej Stra\u017cy Po\u017carnej w Szczytnie, bryg. Mariusz G\u0119sicki, a s\u0119dzi\u0105 g\u0142\u00f3wnym zawod\u00f3w by\u0142 m\u0142. bryg. Grzegorz Rybaczyk ? dow\u00f3dca Jednostki Ratowniczo ? Ga\u015bniczej PSP w Szczytnie.<\/p>\n<p>Zawody rozegrane zosta\u0142y w konkurencjach:<\/p>\n<p>&#8211;\u00a0 \u00a0 \u00a0 \u00a0\u00a0 sztafeta po\u017carnicza 7 x 50 m z przeszkodami,<\/p>\n<p>&#8211;\u00a0 \u00a0 \u00a0 \u00a0\u00a0 \u0107wiczenie bojowe.<\/p>\n<p><a href=\"https:\/\/archiwum.jedwabno.pl\/wp-content\/uploads\/2013\/09\/12.jpg\"><img decoding=\"async\" class=\"aligncenter size-full wp-image-5453\" alt=\"12\" src=\"https:\/\/archiwum.jedwabno.pl\/wp-content\/uploads\/2013\/09\/12.jpg\" width=\"750\" height=\"688\" srcset=\"https:\/\/archiwum.jedwabno.pl\/wp-content\/uploads\/2013\/09\/12-300x275.jpg 300w, https:\/\/archiwum.jedwabno.pl\/wp-content\/uploads\/2013\/09\/12.jpg 750w\" sizes=\"(max-width: 750px) 100vw, 750px\" \/><\/a><\/p>\n<p>Tradycyjnie w trakcie zawod\u00f3w organizowanych w Jedwabnie przeprowadzono konkurencj\u0119 zabawow\u0105 ? w tym roku by\u0142o to ubieranie si\u0119 ubranie specjalne na czas dwuosobowych dru\u017cyn. Zwyci\u0119\u017cy\u0142a OSP Pasym (w sk\u0142adzie damsko ? m\u0119skim) przed OSP Jedwabno i OSP Szu\u0107.<\/p>\n<p>Z uwagi na fakt, \u017ce zawody rozegrane by\u0142y w tak wyj\u0105tkowym dniu &#8211; 1 wrze\u015bnia ? rocznica wybuch II Wojny \u015awiatowej, w trakcie uroczysto\u015bci otwarcia zawod\u00f3w zosta\u0142 odegrany hymn pa\u0144stwowy. Kolejnym akcentem upami\u0119tniaj\u0105cym ten dzie\u0144 by\u0142o w\u0142\u0105czenie syren alarmowych ( sygna\u0142: ODWO\u0141ANIE ALARMU ? d\u017awi\u0119k ci\u0105g\u0142y w okresie 3 minut) o godzinie 12.00, co by\u0142o zgodnie z Zarz\u0105dzeniem Nr 26\/13 Wojewody Warmi\u0144sko-Mazurskiego elementem treningu Wojew\u00f3dzkiego Systemu Wykrywania Ska\u017ce\u0144 i Alarmowania.<\/p>\n<p>Po raz pierwszy na zawodach gminnych wszystkie dru\u017cyny w \u0107wiczeniu bojowym startowa\u0142y na tych samych motopompach. By\u0142y to nowoczesne motopompy japo\u0144skiej firmy TOHATSU, kt\u00f3re nieodp\u0142atnie udost\u0119pni\u0142a firma Zak\u0142ad Naprawy Pomp ? Motopomp Bogdan Mozol z Olsztyna. Dotychczas wszystkie jednostki startowa\u0142y na wys\u0142u\u017conych, niejednokrotnie maj\u0105cych po wi\u0119cej ni\u017c 30 lat motopompach PO-5 M8\/8.<\/p>\n<p>Na szczeg\u00f3ln\u0105 uwag\u0119 zas\u0142uguje wyst\u0119p reaktywowanej Kobiecej Dru\u017cyny Po\u017carniczej OSP Jedwabno. Mamy nadziej\u0119 \u017ce b\u0119d\u0105 d\u0105\u017cy\u0142y do wynik\u00f3w jakie osi\u0105ga\u0142a poprzednia KDP OSP Jedwabno ? mi\u0119dzy innymi wywalczenie tytu\u0142u wicemistrzy\u0144 Wojew\u00f3dztwa Warmi\u0144sko ? Mazurskiego na zawodach rozegranych w Olecku w 2007 roku.<\/p>\n<p>Wszystkie startuj\u0105ce dru\u017cyny otrzyma\u0142y nagrody za wyniki osi\u0105gni\u0119te w trakcie zawod\u00f3w ? puchary dru\u017cynowe oraz indywidualne nagrody dla startuj\u0105cych zawodnik\u00f3w. Nagrody wr\u0119czali: Krzysztof Otulakowski ? W\u00f3jt Gminy Jedwabno jednocze\u015bnie Prezes Zarz\u0105du Oddzia\u0142u Gminnego ZOSP RP w Jedwabnie, Marek Tr\u0119dowski ? Nadle\u015bniczy Nadle\u015bnictwa Jedwabno jednocze\u015bnie Wiceprezes Zarz\u0105du Oddzia\u0142u Gminnego ZOSP RP w Jedwabnie oraz m\u0142. bryg. Jacek Baczewski ? Zast\u0119pca Komendanta Powiatowego Pa\u0144stwowej Stra\u017cy Po\u017carnej w Szczytnie.<\/p>\n<p>Stra\u017cacy zostali tak\u017ce nagrodzeni odznaczeniami po\u017carniczymi tj. Stanis\u0142aw Samsel ? OSP Szu\u0107 (Z\u0142oty Medal ?Za Zas\u0142ugi dla Po\u017carnictwa?), Bogdan D\u0105browski ? OSP Szu\u0107 (Br\u0105zowy Medal ?Za Zas\u0142ugi dla Po\u017carnictwa?), Piotr Grabowski ? OSP Jedwabno oraz Jerzy Niksa ? OSP Szu\u0107 (odznaka ?Stra\u017cak Wzorowy?).\u00a0 Komendant Gminny ZOSP RP w Jedwabnie ? Krzysztof Nikadon zosta\u0142 uhonorowany przez Komendanta Powiatowego PSP w Szczytnie statuetk\u0105 ? Za wzorow\u0105 i wyj\u0105tkowo aktywn\u0105 wsp\u00f3\u0142prac\u0119 z Komend\u0105 Powiatow\u0105 Pa\u0144stwowej Stra\u017cy Po\u017carnej w Szczytnie?.<\/p>\n<p>Spikerem zawod\u00f3w by\u0142 st.kpt. Zbigniew Stasi\u0142oj\u0107 ? Naczelnik Wydzia\u0142u Operacyjnego KP PSP w Szczytnie kt\u00f3ry jak zwykle z humorem, znajomo\u015bci\u0105 tematu oraz wyj\u0105tkow\u0105 znajomo\u015bci\u0105 jednostek oraz poszczeg\u00f3lnych stra\u017cak\u00f3w, relacjonowa\u0142 przebieg rywalizacji.<\/p>\n<p>Zawody zako\u0144czy\u0142 tradycyjny piknik stra\u017cacki ? z jak\u017ce smaczn\u0105 groch\u00f3wk\u0105 przygotowan\u0105 przez restauracj\u0119 ?Go\u015bciniec Mazurski? w Jedwabnie.<\/p>\n<p>&nbsp;<\/p>\n<p>Kolejne zawody w przysz\u0142ym roku, organizuje Zarz\u0105d Oddzia\u0142u Gminnego ZOSP RP w Wielbarku.<\/p>\n<p>&nbsp;<\/p>\n<p><em>\u00a0Opracowanie oraz zdj\u0119cia: Krzysztof Nikadon<\/em><\/p>\n<p>&nbsp;<\/p>\nngg_shortcode_0_placeholder\n","protected":false},"excerpt":{"rendered":"<p>Gminne Zawody Sportowo ? Po\u017carnicze OSP Jedwabno, 1 wrze\u015bnia 2013  [&#8230;]<\/p>\n","protected":false},"author":55,"featured_media":5456,"comment_status":"closed","ping_status":"closed","sticky":false,"template":"","format":"standard","meta":{"ngg_post_thumbnail":0,"footnotes":""},"categories":[1],"tags":[],"class_list":["post-5447","post","type-post","status-publish","format-standard","has-post-thumbnail","hentry","category-wiadomosci"],"_links":{"self":[{"href":"https:\/\/archiwum.jedwabno.pl\/jdbn_json_endpoint\/wp\/v2\/posts\/5447","targetHints":{"allow":["GET"]}}],"collection":[{"href":"https:\/\/archiwum.jedwabno.pl\/jdbn_json_endpoint\/wp\/v2\/posts"}],"about":[{"href":"https:\/\/archiwum.jedwabno.pl\/jdbn_json_endpoint\/wp\/v2\/types\/post"}],"author":[{"embeddable":true,"href":"https:\/\/archiwum.jedwabno.pl\/jdbn_json_endpoint\/wp\/v2\/users\/55"}],"replies":[{"embeddable":true,"href":"https:\/\/archiwum.jedwabno.pl\/jdbn_json_endpoint\/wp\/v2\/comments?post=5447"}],"version-history":[{"count":0,"href":"https:\/\/archiwum.jedwabno.pl\/jdbn_json_endpoint\/wp\/v2\/posts\/5447\/revisions"}],"wp:featuredmedia":[{"embeddable":true,"href":"https:\/\/archiwum.jedwabno.pl\/jdbn_json_endpoint\/wp\/v2\/media\/5456"}],"wp:attachment":[{"href":"https:\/\/archiwum.jedwabno.pl\/jdbn_json_endpoint\/wp\/v2\/media?parent=5447"}],"wp:term":[{"taxonomy":"category","embeddable":true,"href":"https:\/\/archiwum.jedwabno.pl\/jdbn_json_endpoint\/wp\/v2\/categories?post=5447"},{"taxonomy":"post_tag","embeddable":true,"href":"https:\/\/archiwum.jedwabno.pl\/jdbn_json_endpoint\/wp\/v2\/tags?post=5447"}],"curies":[{"name":"wp","href":"https:\/\/api.w.org\/{rel}","templated":true}]}}