{"id":5419,"date":"2013-08-28T20:47:01","date_gmt":"2013-08-28T20:47:01","guid":{"rendered":"https:\/\/www.jedwabno.pl\/?p=5419"},"modified":"2013-08-28T20:47:01","modified_gmt":"2013-08-28T20:47:01","slug":"dozynki-powiatowe-olszyny-25-08-2013-rok","status":"publish","type":"post","link":"https:\/\/archiwum.jedwabno.pl\/5419\/dozynki-powiatowe-olszyny-25-08-2013-rok","title":{"rendered":"Do\u017cynki Powiatowe, Olszyny 25.08.2013 rok"},"content":{"rendered":"<p>Tegoroczne Do\u017cynki Powiatowe odby\u0142y si\u0119 w Olszynach (Gmina Szczytno). Uroczysto\u015b\u0107 rozpocz\u0119\u0142a dzi\u0119kczynna msza \u015bwi\u0119ta. Ksi\u0105dz dziekan J\u00f3zef Dziwik wyg\u0142osi\u0142 kazanie, podkre\u015blaj\u0105c trudn\u0105 prac\u0119 rolnik\u00f3w. Starostami do\u017cynek byli: Anna Zieli\u0144ska z Si\u00f3dmaka oraz W\u0142adys\u0142aw Kulas z Nied\u017awiedzi, kt\u00f3rzy przekazali bochen chleba gospodarzom uroczysto\u015bci, w\u00f3jtowi Gminy Szczytno S\u0142awomirowi Wojciechowskiemu oraz staro\u015bcie Jaros\u0142awowi Mat\u0142achowi.<\/p>\n<p>Jak co roku, do konkursu Gmina Jedwabno wystawi\u0142a stoisko gminne oraz wieniec do\u017cynkowy przygotowane przez Stowarzyszenie Ko\u0142o Gospody\u0144 Wiejskich w Szuci, za kt\u00f3re dostali\u015bmy wyr\u00f3\u017cnienia.Natomiast do rywalizacji sportowej gmin &#8222;na weso\u0142o&#8221; wystawili\u015bmy dru\u017cyn\u0119, kt\u00f3ra zaj\u0119\u0142a I miejsce. Zwyci\u0119ska dru\u017cyna wystapi\u0142a w sk\u0142adzie: Izabela W\u0142odkowska, Klaudia Piersa, Natalia Jasiukas, Dominika Wyszy\u0144ska, Tomasz Bielski, Marcin Zapadka, Jakub Putra oraz Krystian Wyszy\u0144ski<strong>.<\/strong> Dru\u017cyn\u0119 wspiera\u0142 w\u00f3jt Krzysztof Otulakowski, kt\u00f3ry tak\u017ce wzi\u0105\u0142 udzia\u0142 w konkurencji sportowej, tj. strza\u0142 na bramk\u0119 z punktacj\u0105, tym samym zdobywaj\u0105c dla dru\u017cyny cenne punkty.<\/p>\nngg_shortcode_0_placeholder\n","protected":false},"excerpt":{"rendered":"<p>Tegoroczne Do\u017cynki Powiatowe odby\u0142y si\u0119 w Olszynach (Gmina Szczytno). Uroczysto\u015b\u0107  [&#8230;]<\/p>\n","protected":false},"author":55,"featured_media":5422,"comment_status":"closed","ping_status":"closed","sticky":false,"template":"","format":"standard","meta":{"ngg_post_thumbnail":0,"footnotes":""},"categories":[1],"tags":[],"class_list":["post-5419","post","type-post","status-publish","format-standard","has-post-thumbnail","hentry","category-wiadomosci"],"_links":{"self":[{"href":"https:\/\/archiwum.jedwabno.pl\/jdbn_json_endpoint\/wp\/v2\/posts\/5419","targetHints":{"allow":["GET"]}}],"collection":[{"href":"https:\/\/archiwum.jedwabno.pl\/jdbn_json_endpoint\/wp\/v2\/posts"}],"about":[{"href":"https:\/\/archiwum.jedwabno.pl\/jdbn_json_endpoint\/wp\/v2\/types\/post"}],"author":[{"embeddable":true,"href":"https:\/\/archiwum.jedwabno.pl\/jdbn_json_endpoint\/wp\/v2\/users\/55"}],"replies":[{"embeddable":true,"href":"https:\/\/archiwum.jedwabno.pl\/jdbn_json_endpoint\/wp\/v2\/comments?post=5419"}],"version-history":[{"count":0,"href":"https:\/\/archiwum.jedwabno.pl\/jdbn_json_endpoint\/wp\/v2\/posts\/5419\/revisions"}],"wp:featuredmedia":[{"embeddable":true,"href":"https:\/\/archiwum.jedwabno.pl\/jdbn_json_endpoint\/wp\/v2\/media\/5422"}],"wp:attachment":[{"href":"https:\/\/archiwum.jedwabno.pl\/jdbn_json_endpoint\/wp\/v2\/media?parent=5419"}],"wp:term":[{"taxonomy":"category","embeddable":true,"href":"https:\/\/archiwum.jedwabno.pl\/jdbn_json_endpoint\/wp\/v2\/categories?post=5419"},{"taxonomy":"post_tag","embeddable":true,"href":"https:\/\/archiwum.jedwabno.pl\/jdbn_json_endpoint\/wp\/v2\/tags?post=5419"}],"curies":[{"name":"wp","href":"https:\/\/api.w.org\/{rel}","templated":true}]}}