{"id":5203,"date":"2013-07-24T10:54:24","date_gmt":"2013-07-24T10:54:24","guid":{"rendered":"https:\/\/www.jedwabno.pl\/?p=5203"},"modified":"2013-07-24T10:56:13","modified_gmt":"2013-07-24T10:56:13","slug":"podaruj-dzieciom-wakacje-final-akcji-21-07-2013-rok","status":"publish","type":"post","link":"https:\/\/archiwum.jedwabno.pl\/5203\/podaruj-dzieciom-wakacje-final-akcji-21-07-2013-rok","title":{"rendered":"&#8222;Podaruj dzieciom wakacje&#8221; &#8211; fina\u0142 akcji, 21.07.2013 rok"},"content":{"rendered":"<p><b>?Podaruj dzieciom wakacje?<\/b> to festyn rodzinny, kt\u00f3rego celem by\u0142o <span style=\"font-size: 12.0pt; mso-bidi-font-size: 11.0pt; line-height: 115%; font-family: 'Times New Roman','serif';\">zgromadzenie \u015brodk\u00f3w na przejazd dzieci zamieszkuj\u0105cych teren Gminy Jedwabno do Fromborka na wakacje, gdzie mie\u015bci si\u0119 Centrum M\u0142odzie\u017cy Caritas, kt\u00f3rego dyrektorem jest ksi\u0105dz Jan Sztygiel. <\/span><span style=\"font-size: 12.0pt; mso-bidi-font-size: 11.0pt; line-height: 115%; font-family: 'Times New Roman','serif';\">Organizatorami<\/span><span style=\"font-size: 12.0pt; mso-bidi-font-size: 11.0pt; line-height: 115%; font-family: 'Times New Roman','serif';\"> festynu byli: Parafia w Jedwabnie z ksi\u0119dzem Romanem Lompa; Gmina Jedwabno na czele z Panem Krzysztofem Otulakowskim W\u00f3jtem Gminy Jedwabno; Gminny O\u015brodek Kultury w Jedwabnie; organizacje pozarz\u0105dowe takie jak: Zesp\u00f3\u0142 Parafialny Caritas przy Parafii w Jedwabnie, Klub Sportowy ZRYW Jedwabno, KGW w Szuci, KGW w Lipnikach, Uczniowski Klub Sportowy BOCIAN przy Zespole Szk\u00f3\u0142 w Jedwabnie, Stowarzyszenie Kulturalne TANECZNIK w Jedwabnie, Stowarzyszenie Rozwoju i Promocji Miejscowo\u015bci Narty, Ochotnicza Stra\u017c Po\u017carna w Jedwabnie, Szuci i Burd\u0105gu; nauczyciele wychowania fizycznego: Adam Kowalczyk, Arkadiusz Kope\u0107 i Marcin Zapadka.<\/span><\/p>\n<p><span style=\"font-size: 12.0pt; mso-bidi-font-size: 11.0pt; line-height: 115%; font-family: 'Times New Roman','serif';\">N<\/span><span style=\"font-size: 12.0pt; mso-bidi-font-size: 11.0pt; line-height: 115%; font-family: 'Times New Roman','serif';\">a kolonie pojedzie 19 os\u00f3b w wieku 8-12 lat. Dzieci te pochodz\u0105 z najubo\u017cszych rodzin zamieszkuj\u0105cych teren Archidiecezji Warmi\u0144skiej lub rodzin wielodzietnych. Kolonie s\u0105 nieodp\u0142atne. Priorytetow\u0105 spraw\u0105 podczas kolonii jest bezpiecze\u0144stwo dzieci, rozw\u00f3j ich zainteresowa\u0144 i hobby, integracja z r\u00f3wie\u015bnikami, czy odstresowanie poprzez zmiany miejsca codziennego otoczenia. <\/span><span style=\"font-size: 12.0pt; mso-bidi-font-size: 11.0pt; line-height: 115%; font-family: 'Times New Roman','serif';\">Program kolonii we Fromborku<\/span><span style=\"font-size: 12.0pt; mso-bidi-font-size: 11.0pt; line-height: 115%; font-family: 'Times New Roman','serif';\"> obejmuje: m.in. wycieczk\u0119 do Tr\u00f3jmiasta, do stadniny koni, k\u0105piele w basenie, spotkanie ze stra\u017c\u0105 graniczn\u0105 i policj\u0105, zaj\u0119cia dydaktyczne, udzia\u0142 w Mszach \u015awi\u0119tych oraz udzia\u0142 w lokalnych imprezach we Fromborku i jego okolicach. Uczestnicy kolonii maj\u0105 zapewnione 4 posi\u0142ki dziennie bogate w owoce i witaminy. <\/span><span style=\"font-size: 12.0pt; mso-bidi-font-size: 11.0pt; line-height: 115%; font-family: 'Times New Roman','serif';\">Termin wyjazdu<\/span><span style=\"font-size: 12.0pt; mso-bidi-font-size: 11.0pt; line-height: 115%; font-family: 'Times New Roman','serif';\"> to 1-10.08.2013 rok.<\/span><\/p>\n<p><span style=\"font-size: 12.0pt; mso-bidi-font-size: 11.0pt; line-height: 115%; font-family: 'Times New Roman','serif';\">Wszelkie darowane ofiary w ramach zbi\u00f3rki publicznej zbierane by\u0142y\u00a0do puszek kwestarskich Caritas. \u015arodki pochodz\u0105ce ze zbi\u00f3rki w ca\u0142o\u015bci przeznaczone zostan\u0105 na krajoznawstwo oraz wypoczynek dzieci i m\u0142odzie\u017cy.<\/span><\/p>\n<p class=\"MsoNormal\" style=\"text-align: justify;\"><b style=\"mso-bidi-font-weight: normal;\"><span style=\"font-size: 12.0pt; mso-bidi-font-size: 11.0pt; line-height: 115%; font-family: 'Times New Roman','serif';\">Program festynu obejmowa\u0142:<\/span><\/b><\/p>\n<p class=\"MsoNormal\" style=\"text-align: justify;\"><span style=\"font-size: 12.0pt; mso-bidi-font-size: 11.0pt; line-height: 115%; font-family: 'Times New Roman','serif';\">Mecz pi\u0142ki no\u017cnej pn. ?Dzieciom na wakacje?, w kt\u00f3rym zmierzyli si\u0119 urz\u0119dnicy kontra przedsi\u0119biorcy. Wynik meczu to 6:1 dla przedsi\u0119biorc\u00f3w. W meczu wzi\u0119li udzia\u0142 &#8211; dru\u017cyna urz\u0119dnik\u00f3w: <\/span>Otulakowski Krzysztof, Nikadon Krzysztof, Mariusz Kulas, Pawe\u0142 Kiwicki, Ambroziak S\u0142awomir,Ksi\u0105dz Roman Lompa, Piotr Skonieczek, Waldemar \u0141azicki, Adam B\u0105czek, Tr\u0119dowski Marek, Pianko Grzegorz, Kowalczyk Adam, Arek Kope\u0107; dru\u017cyna przedsi\u0119biorc\u00f3w: Wies\u0142aw Kowalczyk, D\u0105browski\u00a0 Bogdan, Gnoza Stanis\u0142aw, Grzegorz Mierzejewski, Worobiej Szczepan, Olszewski Krzysztof, Pie\u0144kosz Krzysztof, Bia\u0142oszewski Jan, Kowalczyk Waldemar, Kl\u00f3skowski Bogdan Zalewski J\u00f3zef,Adamski Pawe\u0142. <span style=\"font-size: 12.0pt; mso-bidi-font-size: 11.0pt; line-height: 115%; font-family: 'Times New Roman','serif';\">W <\/span><span style=\"font-size: 12.0pt; mso-bidi-font-size: 11.0pt; line-height: 115%; font-family: 'Times New Roman','serif';\">przerwie meczu odby\u0142 si\u0119 pokaz edukacyjny OSP Jedwabno, podczas kt\u00f3rego stra\u017cacy przybli\u017cyli arkana swojej pracy m.in. poprzez prezentacje wyposa\u017cenia wozu stra\u017cackiego. Nie oby\u0142o si\u0119 tak\u017ce bez rodzinnych zawod\u00f3w sportowych, podczas kt\u00f3rych mo\u017cna by\u0142o zdoby\u0107 atrakcyjne nagrody. <\/span><span style=\"font-size: 12.0pt; mso-bidi-font-size: 11.0pt; line-height: 115%; font-family: 'Times New Roman','serif';\">Przewidziane tu by\u0142y ciekawe konkurencje zar\u00f3wno dla dzieci jak i doros\u0142ych, m.in.: \u00a0mo\u017cliwo\u015b\u0107 strzelenia gola Ksi\u0119dzu Proboszczowi lub W\u00f3jtowi, wy\u015bcigi na p\u0142ozach, biegi z przeszkodami. Z<\/span><span style=\"font-size: 12.0pt; mso-bidi-font-size: 11.0pt; line-height: 115%; font-family: 'Times New Roman','serif';\">wie\u0144czeniem festynu by\u0142 wyst\u0119p zespo\u0142u muzycznego EWELMEN z Witowa, podczas kt\u00f3rego do ta\u0144ca wszystkich go\u015bci zapraszali cz\u0142onkowie Stowarzyszenia Kulturalnego TANECZNIK w Jedwabnie. <\/span><span style=\"font-size: 12.0pt; mso-bidi-font-size: 11.0pt; line-height: 115%; font-family: 'Times New Roman','serif';\">Dodatkowe atrakcje zapewnia\u0142y stoiska z wat\u0105 cukrow\u0105, zabawkami, stoisko edukacyjne Nadle\u015bnictwa Jedwabno oraz stoisko z domowym jedzeniem przygotowane przez cz\u0142onkinie K\u00f3\u0142 Gospody\u0144 Wiejskich w Lipnikach i Szuci.<\/span><\/p>\n<p class=\"MsoNormal\" style=\"text-align: center;\"><strong>Podczas festynu &#8222;Podaruj dzieciom wakacje&#8221; uzbierane zosta\u0142o 3.614,63 z\u0142ote.<\/strong><\/p>\n<p class=\"MsoNormal\" style=\"text-align: justify;\"><b style=\"mso-bidi-font-weight: normal;\"><span style=\"font-size: 12.0pt; mso-bidi-font-size: 11.0pt; line-height: 115%; font-family: 'Times New Roman','serif';\">\u00a0<\/span><\/b><\/p>\nngg_shortcode_0_placeholder\n","protected":false},"excerpt":{"rendered":"<p>?Podaruj dzieciom wakacje? to festyn rodzinny, kt\u00f3rego celem by\u0142o zgromadzenie  [&#8230;]<\/p>\n","protected":false},"author":55,"featured_media":5208,"comment_status":"closed","ping_status":"closed","sticky":false,"template":"","format":"standard","meta":{"ngg_post_thumbnail":0,"footnotes":""},"categories":[1],"tags":[],"class_list":["post-5203","post","type-post","status-publish","format-standard","has-post-thumbnail","hentry","category-wiadomosci"],"_links":{"self":[{"href":"https:\/\/archiwum.jedwabno.pl\/jdbn_json_endpoint\/wp\/v2\/posts\/5203","targetHints":{"allow":["GET"]}}],"collection":[{"href":"https:\/\/archiwum.jedwabno.pl\/jdbn_json_endpoint\/wp\/v2\/posts"}],"about":[{"href":"https:\/\/archiwum.jedwabno.pl\/jdbn_json_endpoint\/wp\/v2\/types\/post"}],"author":[{"embeddable":true,"href":"https:\/\/archiwum.jedwabno.pl\/jdbn_json_endpoint\/wp\/v2\/users\/55"}],"replies":[{"embeddable":true,"href":"https:\/\/archiwum.jedwabno.pl\/jdbn_json_endpoint\/wp\/v2\/comments?post=5203"}],"version-history":[{"count":0,"href":"https:\/\/archiwum.jedwabno.pl\/jdbn_json_endpoint\/wp\/v2\/posts\/5203\/revisions"}],"wp:featuredmedia":[{"embeddable":true,"href":"https:\/\/archiwum.jedwabno.pl\/jdbn_json_endpoint\/wp\/v2\/media\/5208"}],"wp:attachment":[{"href":"https:\/\/archiwum.jedwabno.pl\/jdbn_json_endpoint\/wp\/v2\/media?parent=5203"}],"wp:term":[{"taxonomy":"category","embeddable":true,"href":"https:\/\/archiwum.jedwabno.pl\/jdbn_json_endpoint\/wp\/v2\/categories?post=5203"},{"taxonomy":"post_tag","embeddable":true,"href":"https:\/\/archiwum.jedwabno.pl\/jdbn_json_endpoint\/wp\/v2\/tags?post=5203"}],"curies":[{"name":"wp","href":"https:\/\/api.w.org\/{rel}","templated":true}]}}