{"id":5025,"date":"2013-06-10T12:41:34","date_gmt":"2013-06-10T12:41:34","guid":{"rendered":"https:\/\/www.jedwabno.pl\/?p=5025"},"modified":"2013-06-13T05:54:21","modified_gmt":"2013-06-13T05:54:21","slug":"wizyta-kanoniczna-parafii-8-9-06-2013-rok","status":"publish","type":"post","link":"https:\/\/archiwum.jedwabno.pl\/5025\/wizyta-kanoniczna-parafii-8-9-06-2013-rok","title":{"rendered":"Wizyta Kanoniczna Parafii, 8-9.06.2013 rok"},"content":{"rendered":"<p>W niedziel\u0119 po Mszy \u015awi\u0119tej odby\u0142o si\u0119 po\u015bwi\u0119cenie tablic informacyjnych, kt\u00f3re usytuowane zosta\u0142y przed Ko\u015bcio\u0142em w Jedwabnie. Tablice informacyjne, broszury opowiadaj\u0105ce o historii i tradycji Ko\u015bcio\u0142a oraz Parafii, a tak\u017ce za\u0142o\u017cenie strony internetowej www.jedwabno.caritas.pl jest efektem realizacji projektu pt. &#8222;Ochrona Lokalnych D\u00f3br Kultury i Dziedzictwa Narodowego poprzez ukazanie historii i tradycji Ko\u015bcio\u0142a oraz Parafii \u015aw. J\u00f3zefa w Jedwabnie&#8221; dofinansowanego w ramach dotacji na realizacj\u0119 zada\u0144 publicznych w 2013 roku ze \u015brodk\u00f3w Gminy Jedwabno.<\/p>\nngg_shortcode_0_placeholder\n","protected":false},"excerpt":{"rendered":"<p>W niedziel\u0119 po Mszy \u015awi\u0119tej odby\u0142o si\u0119 po\u015bwi\u0119cenie tablic informacyjnych,  [&#8230;]<\/p>\n","protected":false},"author":55,"featured_media":5030,"comment_status":"closed","ping_status":"closed","sticky":false,"template":"","format":"standard","meta":{"ngg_post_thumbnail":0,"footnotes":""},"categories":[1],"tags":[],"class_list":["post-5025","post","type-post","status-publish","format-standard","has-post-thumbnail","hentry","category-wiadomosci"],"_links":{"self":[{"href":"https:\/\/archiwum.jedwabno.pl\/jdbn_json_endpoint\/wp\/v2\/posts\/5025","targetHints":{"allow":["GET"]}}],"collection":[{"href":"https:\/\/archiwum.jedwabno.pl\/jdbn_json_endpoint\/wp\/v2\/posts"}],"about":[{"href":"https:\/\/archiwum.jedwabno.pl\/jdbn_json_endpoint\/wp\/v2\/types\/post"}],"author":[{"embeddable":true,"href":"https:\/\/archiwum.jedwabno.pl\/jdbn_json_endpoint\/wp\/v2\/users\/55"}],"replies":[{"embeddable":true,"href":"https:\/\/archiwum.jedwabno.pl\/jdbn_json_endpoint\/wp\/v2\/comments?post=5025"}],"version-history":[{"count":0,"href":"https:\/\/archiwum.jedwabno.pl\/jdbn_json_endpoint\/wp\/v2\/posts\/5025\/revisions"}],"wp:featuredmedia":[{"embeddable":true,"href":"https:\/\/archiwum.jedwabno.pl\/jdbn_json_endpoint\/wp\/v2\/media\/5030"}],"wp:attachment":[{"href":"https:\/\/archiwum.jedwabno.pl\/jdbn_json_endpoint\/wp\/v2\/media?parent=5025"}],"wp:term":[{"taxonomy":"category","embeddable":true,"href":"https:\/\/archiwum.jedwabno.pl\/jdbn_json_endpoint\/wp\/v2\/categories?post=5025"},{"taxonomy":"post_tag","embeddable":true,"href":"https:\/\/archiwum.jedwabno.pl\/jdbn_json_endpoint\/wp\/v2\/tags?post=5025"}],"curies":[{"name":"wp","href":"https:\/\/api.w.org\/{rel}","templated":true}]}}