{"id":4906,"date":"2013-05-22T13:29:37","date_gmt":"2013-05-22T13:29:37","guid":{"rendered":"https:\/\/www.jedwabno.pl\/?p=4906"},"modified":"2013-05-22T13:32:41","modified_gmt":"2013-05-22T13:32:41","slug":"swieto-sadzenia-lasu17-05-2013-rok","status":"publish","type":"post","link":"https:\/\/archiwum.jedwabno.pl\/4906\/swieto-sadzenia-lasu17-05-2013-rok","title":{"rendered":"\u015aWI\u0118TO SADZENIA DRZEW 2013,17.05.2013 rok"},"content":{"rendered":"<p>17 maja 2013r. przedstawiciele jedwabie\u0144skiego samorz\u0105du, przewodnicz\u0105ca Rady Gminy Jedwabno Maria Sienkiewicz i w\u00f3jt Krzysztof Otulakowski, wzi\u0119li udzia\u0142 w wielkiej akcji sadzenia drzew organizowanej przez Lasy Pa\u0144stwowe. Do akcji sadzenia drzew le\u015bnicy zaprosili wiele os\u00f3b, przedstawicieli r\u00f3\u017cnych instytucji: nauczycieli, ksi\u0119\u017cy, samorz\u0105dowc\u00f3w,stra\u017cak\u00f3w.<br \/>\nLas sadzono na terenie Nadle\u015bnictwa Jedwabno w le\u015bnictwie &#8222;Grobka&#8221;. Ka\u017cdy uczestnik w nagrod\u0119 za pomoc w sadzeniu lasu dosta\u0142 ma\u0142y upominek w postaci sadzonki sosny zwyczajnej oraz folder\u00f3w promuj\u0105cych nadle\u015bnictwo.<\/p>\n<p>&nbsp;<\/p>\nngg_shortcode_0_placeholder\n","protected":false},"excerpt":{"rendered":"<p>17 maja 2013r. przedstawiciele jedwabie\u0144skiego samorz\u0105du, przewodnicz\u0105ca Rady Gminy Jedwabno  [&#8230;]<\/p>\n","protected":false},"author":55,"featured_media":4910,"comment_status":"closed","ping_status":"closed","sticky":false,"template":"","format":"standard","meta":{"ngg_post_thumbnail":0,"footnotes":""},"categories":[1],"tags":[],"class_list":["post-4906","post","type-post","status-publish","format-standard","has-post-thumbnail","hentry","category-wiadomosci"],"_links":{"self":[{"href":"https:\/\/archiwum.jedwabno.pl\/jdbn_json_endpoint\/wp\/v2\/posts\/4906","targetHints":{"allow":["GET"]}}],"collection":[{"href":"https:\/\/archiwum.jedwabno.pl\/jdbn_json_endpoint\/wp\/v2\/posts"}],"about":[{"href":"https:\/\/archiwum.jedwabno.pl\/jdbn_json_endpoint\/wp\/v2\/types\/post"}],"author":[{"embeddable":true,"href":"https:\/\/archiwum.jedwabno.pl\/jdbn_json_endpoint\/wp\/v2\/users\/55"}],"replies":[{"embeddable":true,"href":"https:\/\/archiwum.jedwabno.pl\/jdbn_json_endpoint\/wp\/v2\/comments?post=4906"}],"version-history":[{"count":0,"href":"https:\/\/archiwum.jedwabno.pl\/jdbn_json_endpoint\/wp\/v2\/posts\/4906\/revisions"}],"wp:featuredmedia":[{"embeddable":true,"href":"https:\/\/archiwum.jedwabno.pl\/jdbn_json_endpoint\/wp\/v2\/media\/4910"}],"wp:attachment":[{"href":"https:\/\/archiwum.jedwabno.pl\/jdbn_json_endpoint\/wp\/v2\/media?parent=4906"}],"wp:term":[{"taxonomy":"category","embeddable":true,"href":"https:\/\/archiwum.jedwabno.pl\/jdbn_json_endpoint\/wp\/v2\/categories?post=4906"},{"taxonomy":"post_tag","embeddable":true,"href":"https:\/\/archiwum.jedwabno.pl\/jdbn_json_endpoint\/wp\/v2\/tags?post=4906"}],"curies":[{"name":"wp","href":"https:\/\/api.w.org\/{rel}","templated":true}]}}