{"id":4902,"date":"2013-05-20T10:23:45","date_gmt":"2013-05-20T10:23:45","guid":{"rendered":"https:\/\/www.jedwabno.pl\/?p=4902"},"modified":"2013-05-20T10:23:45","modified_gmt":"2013-05-20T10:23:45","slug":"zawiadomienie-zebranie-dla-mieszkancow-budynkow-przy-ulicy-warminskiej-4-6-6a-8-8a10","status":"publish","type":"post","link":"https:\/\/archiwum.jedwabno.pl\/4902\/zawiadomienie-zebranie-dla-mieszkancow-budynkow-przy-ulicy-warminskiej-4-6-6a-8-8a10","title":{"rendered":"Zawiadomienie &#8211; zebranie dla mieszka\u0144c\u00f3w budynk\u00f3w przy ulicy Warmi\u0144skiej 4, 6, 6A, 8, 8A,10"},"content":{"rendered":"<p lang=\"pl-PL\" align=\"CENTER\"><span style=\"font-size: x-large;\"><span style=\"text-decoration: underline;\"><b>Z A W I A D O M I E N I E <\/b><\/span><\/span><\/p>\n<p lang=\"pl-PL\" align=\"JUSTIFY\"><span style=\"font-size: large;\"> Zawiadamia si\u0119 wszystkich mieszka\u0144c\u00f3w budynk\u00f3w przy ulicy:<\/span><\/p>\n<ul>\n<li>\n<p lang=\"pl-PL\" align=\"JUSTIFY\"><span style=\"font-size: large;\">Warmi\u0144skiej 4;<\/span><\/p>\n<\/li>\n<li>\n<p lang=\"pl-PL\" align=\"JUSTIFY\"><span style=\"font-size: large;\">Warmi\u0144skiej 6;<\/span><\/p>\n<\/li>\n<li>\n<p lang=\"pl-PL\" align=\"JUSTIFY\"><span style=\"font-size: large;\">Warmi\u0144skiej 8;<\/span><\/p>\n<\/li>\n<li>\n<p lang=\"pl-PL\" align=\"JUSTIFY\"><span style=\"font-size: large;\">Warmi\u0144skiej 10;<\/span><\/p>\n<\/li>\n<li>\n<p lang=\"pl-PL\" align=\"JUSTIFY\"><span style=\"font-size: large;\">Warmi\u0144skiej 6A;<\/span><\/p>\n<\/li>\n<li>\n<p lang=\"pl-PL\" align=\"JUSTIFY\"><span style=\"font-size: large;\">Warmi\u0144skiej 8A;<\/span><\/p>\n<\/li>\n<\/ul>\n<p lang=\"pl-PL\" align=\"JUSTIFY\"><span style=\"font-size: large;\">w Jedwabnie, \u017ce <span style=\"text-decoration: underline;\"><b>w dniu 22.05.2013 roku (\u015broda) o godzinie 16<\/b><\/span><sup><span style=\"text-decoration: underline;\">00<\/span><\/sup> w sali konferencyjnej w Urz\u0119dzie Gminy (sala nr 22)\u00a0<span style=\"color: #000000;\">odb\u0119dzie <\/span>si\u0119 zebranie mieszka\u0144c\u00f3w lokali w\/w budynk\u00f3w z W\u00f3jtem Gminy Jedwabno oraz pracownikami Urz\u0119du Gminy w Jedwabnie.<\/span><\/p>\n<p lang=\"pl-PL\" align=\"JUSTIFY\"><span style=\"font-size: large;\"><span style=\"text-decoration: underline;\"><b>Prosimy wszystkich mieszka\u0144c\u00f3w o udzia\u0142 w zebraniu<\/b><\/span><\/span><\/p>\n<p lang=\"pl-PL\" style=\"text-align: right;\" align=\"JUSTIFY\"><span style=\"font-size: x-large;\"><b> ADMINISTRATOR<\/b><\/span><\/p>\n","protected":false},"excerpt":{"rendered":"<p>Z A W I A D O M I E  [&#8230;]<\/p>\n","protected":false},"author":55,"featured_media":0,"comment_status":"closed","ping_status":"closed","sticky":false,"template":"","format":"standard","meta":{"ngg_post_thumbnail":0,"footnotes":""},"categories":[1],"tags":[],"class_list":["post-4902","post","type-post","status-publish","format-standard","hentry","category-wiadomosci"],"_links":{"self":[{"href":"https:\/\/archiwum.jedwabno.pl\/jdbn_json_endpoint\/wp\/v2\/posts\/4902","targetHints":{"allow":["GET"]}}],"collection":[{"href":"https:\/\/archiwum.jedwabno.pl\/jdbn_json_endpoint\/wp\/v2\/posts"}],"about":[{"href":"https:\/\/archiwum.jedwabno.pl\/jdbn_json_endpoint\/wp\/v2\/types\/post"}],"author":[{"embeddable":true,"href":"https:\/\/archiwum.jedwabno.pl\/jdbn_json_endpoint\/wp\/v2\/users\/55"}],"replies":[{"embeddable":true,"href":"https:\/\/archiwum.jedwabno.pl\/jdbn_json_endpoint\/wp\/v2\/comments?post=4902"}],"version-history":[{"count":0,"href":"https:\/\/archiwum.jedwabno.pl\/jdbn_json_endpoint\/wp\/v2\/posts\/4902\/revisions"}],"wp:attachment":[{"href":"https:\/\/archiwum.jedwabno.pl\/jdbn_json_endpoint\/wp\/v2\/media?parent=4902"}],"wp:term":[{"taxonomy":"category","embeddable":true,"href":"https:\/\/archiwum.jedwabno.pl\/jdbn_json_endpoint\/wp\/v2\/categories?post=4902"},{"taxonomy":"post_tag","embeddable":true,"href":"https:\/\/archiwum.jedwabno.pl\/jdbn_json_endpoint\/wp\/v2\/tags?post=4902"}],"curies":[{"name":"wp","href":"https:\/\/api.w.org\/{rel}","templated":true}]}}