{"id":4867,"date":"2013-05-09T05:44:33","date_gmt":"2013-05-09T05:44:33","guid":{"rendered":"https:\/\/www.jedwabno.pl\/?p=4867"},"modified":"2013-05-09T05:44:33","modified_gmt":"2013-05-09T05:44:33","slug":"targi-rzemieslnicze-2-czerwca-w-miejscowosci-ilowo-osada","status":"publish","type":"post","link":"https:\/\/archiwum.jedwabno.pl\/4867\/targi-rzemieslnicze-2-czerwca-w-miejscowosci-ilowo-osada","title":{"rendered":"Targi rzemie\u015blnicze &#8211; 2 czerwca w miejscowo\u015bci I\u0142owo-Osada"},"content":{"rendered":"<p><b>Szanowni Pa\u0144stwo<\/b><\/p>\n<p>Lokalna Grupa Dzia\u0142ania ?Brama Mazurskiej Krainy? zaprasza: rzemie\u015blnik\u00f3w, artyst\u00f3w lokalnych, producent\u00f3w zdrowej \u017cywno\u015bci, tw\u00f3rc\u00f3w r\u0119kodzie\u0142a artystycznego oraz wszystkich przedstawicieli spo\u0142eczno\u015bci lokalnych, kt\u00f3rzy chc\u0105 zaprezentowa\u0107 sw\u00f3j dorobek artystyczny lub kulinarny z powiatu dzia\u0142dowskiego, szczycie\u0144skiego oraz nidzickiego do udzia\u0142u w targach rzemie\u015blniczych.<br \/>\nZapewniamy stoisko dla wystawc\u00f3w.<br \/>\nZg\u0142oszenia przyjmowane s\u0105 na kartach wystawcy w formie elektronicznej: e-mail\u00a0<a href=\"mailto:lgd@nida.pl\" target=\"_blank\">lgd@nida.pl<\/a>, pocztowej Pl. Wolno\u015bci 1, 13-100 Nidzica lub sk\u0142adaj\u0105c osobi\u015bcie w biurze LGD: Pl. Wolno\u015bci 1, 13-100 Nidzica do dnia 17 maja 2013 r.<br \/>\n<b>Targi rzemie\u015blnicze odb\u0119d\u0105 \u00a0si\u0119 2 czerwca w miejscowo\u015bci I\u0142owo-Osada w godzinach od 12.00 do 18.00.<\/b><\/p>\n<p>Lokalna Grupa Dzia\u0142ania<br \/>\n&#8222;Brama Mazurskiej Krainy&#8221;<br \/>\nPlac Wolno\u015bci 1<br \/>\n13-100 Nidzica<br \/>\ntel. 89 625 43 37<\/p>\n","protected":false},"excerpt":{"rendered":"<p>Szanowni Pa\u0144stwo Lokalna Grupa Dzia\u0142ania ?Brama Mazurskiej Krainy? zaprasza: rzemie\u015blnik\u00f3w,  [&#8230;]<\/p>\n","protected":false},"author":55,"featured_media":0,"comment_status":"closed","ping_status":"closed","sticky":false,"template":"","format":"standard","meta":{"ngg_post_thumbnail":0,"footnotes":""},"categories":[1],"tags":[],"class_list":["post-4867","post","type-post","status-publish","format-standard","hentry","category-wiadomosci"],"_links":{"self":[{"href":"https:\/\/archiwum.jedwabno.pl\/jdbn_json_endpoint\/wp\/v2\/posts\/4867","targetHints":{"allow":["GET"]}}],"collection":[{"href":"https:\/\/archiwum.jedwabno.pl\/jdbn_json_endpoint\/wp\/v2\/posts"}],"about":[{"href":"https:\/\/archiwum.jedwabno.pl\/jdbn_json_endpoint\/wp\/v2\/types\/post"}],"author":[{"embeddable":true,"href":"https:\/\/archiwum.jedwabno.pl\/jdbn_json_endpoint\/wp\/v2\/users\/55"}],"replies":[{"embeddable":true,"href":"https:\/\/archiwum.jedwabno.pl\/jdbn_json_endpoint\/wp\/v2\/comments?post=4867"}],"version-history":[{"count":0,"href":"https:\/\/archiwum.jedwabno.pl\/jdbn_json_endpoint\/wp\/v2\/posts\/4867\/revisions"}],"wp:attachment":[{"href":"https:\/\/archiwum.jedwabno.pl\/jdbn_json_endpoint\/wp\/v2\/media?parent=4867"}],"wp:term":[{"taxonomy":"category","embeddable":true,"href":"https:\/\/archiwum.jedwabno.pl\/jdbn_json_endpoint\/wp\/v2\/categories?post=4867"},{"taxonomy":"post_tag","embeddable":true,"href":"https:\/\/archiwum.jedwabno.pl\/jdbn_json_endpoint\/wp\/v2\/tags?post=4867"}],"curies":[{"name":"wp","href":"https:\/\/api.w.org\/{rel}","templated":true}]}}