{"id":4852,"date":"2013-05-09T13:35:09","date_gmt":"2013-05-09T13:35:09","guid":{"rendered":"https:\/\/www.jedwabno.pl\/?p=4852"},"modified":"2013-05-09T14:45:43","modified_gmt":"2013-05-09T14:45:43","slug":"uroczysta-msza-swieta-w-intencji-strazakow-04-05-2013-rok","status":"publish","type":"post","link":"https:\/\/archiwum.jedwabno.pl\/4852\/uroczysta-msza-swieta-w-intencji-strazakow-04-05-2013-rok","title":{"rendered":"Uroczysta Msza \u015awi\u0119ta w intencji Stra\u017cak\u00f3w, 04.05.2013 rok"},"content":{"rendered":"<p>Dnia 04.05.2013 roku (sobota) w Ko\u015bciele Parafialnym p.w. \u015aw. J\u00f3zefa i Matki Boskiej Cz\u0119stochowskiej w intencji Stra\u017cak\u00f3w z Gminy Jedwabno odprawiona zosta\u0142a uroczysta Msza \u015awi\u0119ta. Wzi\u0119li w niej udzia\u0142 przedstawiciele jednostek OSP z Jedwabna, Szuci, Nowego Dworu i Burd\u0105ga. Przed rozpocz\u0119ciem Mszy \u015awi\u0119tej Ksi\u0105dz Proboszcz Roman Lompa wprowadzi\u0142 dwa Poczty Sztandarowe Ochotniczej Stra\u017cy Po\u017carnej w Jedwabnie oraz Ochotniczej Stra\u017cy Po\u017carnej w Parafii Jedwabno. Podczas mszy Ksi\u0105dz Proboszcz przytoczy\u0142 m.in. kr\u00f3tk\u0105 biografi\u0119 patrona stra\u017cak\u00f3w \u015awi\u0119tego Floriana, serdecznie dzi\u0119kowa\u0142 stra\u017cakom za bezinteresown\u0105 pomoc potrzebuj\u0105cym i za ich powo\u0142anie do pe\u0142nienia tej s\u0142u\u017cby. Natomiast Krzysztof Otulakowski W\u00f3jt Gminy Jedwabno, prosi\u0142 o to, a\u017ceby stra\u017cacy nigdy nie gasili jednego \u017caru, tego kt\u00f3rego maj\u0105 w sercu i kt\u00f3ry nap\u0119dza ich do tego aby byli stra\u017cakami. Nie oby\u0142o si\u0119 tak\u017ce bez mi\u0142ych niespodzianek. Swoje specja\u0142y takie jak: smalec, chlebek oraz og\u00f3rki kiszone wszystkim stra\u017cakom podarowa\u0142y Panie ze stowarzyszenia Ko\u0142o Gospody\u0144 w Szuci. Nast\u0119pnie wszyscy udali si\u0119 na cmentarze by zapali\u0107 znicze na grobach by\u0142ych stra\u017cak\u00f3w.<\/p>\n<p>&nbsp;<\/p>\nngg_shortcode_0_placeholder\n","protected":false},"excerpt":{"rendered":"<p>Dnia 04.05.2013 roku (sobota) w Ko\u015bciele Parafialnym p.w. \u015aw. J\u00f3zefa  [&#8230;]<\/p>\n","protected":false},"author":55,"featured_media":4856,"comment_status":"closed","ping_status":"closed","sticky":false,"template":"","format":"standard","meta":{"ngg_post_thumbnail":0,"footnotes":""},"categories":[1],"tags":[],"class_list":["post-4852","post","type-post","status-publish","format-standard","has-post-thumbnail","hentry","category-wiadomosci"],"_links":{"self":[{"href":"https:\/\/archiwum.jedwabno.pl\/jdbn_json_endpoint\/wp\/v2\/posts\/4852","targetHints":{"allow":["GET"]}}],"collection":[{"href":"https:\/\/archiwum.jedwabno.pl\/jdbn_json_endpoint\/wp\/v2\/posts"}],"about":[{"href":"https:\/\/archiwum.jedwabno.pl\/jdbn_json_endpoint\/wp\/v2\/types\/post"}],"author":[{"embeddable":true,"href":"https:\/\/archiwum.jedwabno.pl\/jdbn_json_endpoint\/wp\/v2\/users\/55"}],"replies":[{"embeddable":true,"href":"https:\/\/archiwum.jedwabno.pl\/jdbn_json_endpoint\/wp\/v2\/comments?post=4852"}],"version-history":[{"count":0,"href":"https:\/\/archiwum.jedwabno.pl\/jdbn_json_endpoint\/wp\/v2\/posts\/4852\/revisions"}],"wp:featuredmedia":[{"embeddable":true,"href":"https:\/\/archiwum.jedwabno.pl\/jdbn_json_endpoint\/wp\/v2\/media\/4856"}],"wp:attachment":[{"href":"https:\/\/archiwum.jedwabno.pl\/jdbn_json_endpoint\/wp\/v2\/media?parent=4852"}],"wp:term":[{"taxonomy":"category","embeddable":true,"href":"https:\/\/archiwum.jedwabno.pl\/jdbn_json_endpoint\/wp\/v2\/categories?post=4852"},{"taxonomy":"post_tag","embeddable":true,"href":"https:\/\/archiwum.jedwabno.pl\/jdbn_json_endpoint\/wp\/v2\/tags?post=4852"}],"curies":[{"name":"wp","href":"https:\/\/api.w.org\/{rel}","templated":true}]}}