{"id":4826,"date":"2013-05-06T06:30:22","date_gmt":"2013-05-06T06:30:22","guid":{"rendered":"https:\/\/www.jedwabno.pl\/?p=4826"},"modified":"2013-05-06T06:32:09","modified_gmt":"2013-05-06T06:32:09","slug":"harmonogram-odczytu-wodomierzy-w-gminie-jedwabno-na-maj-2013","status":"publish","type":"post","link":"https:\/\/archiwum.jedwabno.pl\/4826\/harmonogram-odczytu-wodomierzy-w-gminie-jedwabno-na-maj-2013","title":{"rendered":"Harmonogram odczytu wodomierzy w gminie Jedwabno &#8211; Maj 2013"},"content":{"rendered":"<table width=\"614\" cellspacing=\"0\" cellpadding=\"5\">\n<colgroup>\n<col width=\"125\" \/>\n<col width=\"266\" \/>\n<col width=\"190\" \/> <\/colgroup>\n<tbody>\n<tr valign=\"TOP\">\n<td width=\"125\">\n<p align=\"CENTER\"><span style=\"font-size: medium;\"><b>DATA<\/b><\/span><\/p>\n<\/td>\n<td width=\"266\">\n<p align=\"CENTER\"><span style=\"font-size: medium;\"><b>MIEJSCOWO\u015a\u0106 \/ ULICA<\/b><\/span><\/p>\n<\/td>\n<td width=\"190\">\n<h1><span style=\"font-size: medium;\">UWAGI<\/span><\/h1>\n<\/td>\n<\/tr>\n<tr valign=\"TOP\">\n<td width=\"125\"><span style=\"font-size: medium;\"><b>06.05.2013 <\/b><\/span><span style=\"font-size: medium;\">(poniedzia\u0142ek)<\/span><\/td>\n<td width=\"266\"><span style=\"font-size: medium;\"><b>Czynsz <\/b><\/span><span style=\"font-size: medium;\"> na ulicach: Warmi\u0144skiej, 1 Maja, Wielbarskiej i Polnej <\/span><\/td>\n<td width=\"190\"><span style=\"font-size: medium;\">Odczyt nie dotyczy kolonii i domk\u00f3w letniskowych. <\/span><\/td>\n<\/tr>\n<tr valign=\"TOP\">\n<td width=\"125\"><span style=\"font-size: medium;\"><b>07.05.2013 <\/b><\/span><span style=\"font-size: medium;\">(worek)<\/span><\/td>\n<td width=\"266\"><span style=\"font-size: medium;\">Ulice: Polna, Wielbarska<\/span><\/td>\n<td width=\"190\"><span style=\"font-size: medium;\">Odczyt nie dotyczy kolonii i domk\u00f3w letniskowych.<\/span><\/td>\n<\/tr>\n<tr valign=\"TOP\">\n<td width=\"125\"><span style=\"font-size: medium;\"><b>08.05.2013<\/b><\/span><span style=\"font-size: medium;\">(\u015broda)<\/span><\/td>\n<td width=\"266\"><span style=\"font-size: medium;\">Ulice: Odrodzenia, Olszty\u0144ska <\/span><\/td>\n<td width=\"190\"><span style=\"font-size: medium;\">Odczyt nie dotyczy kolonii i domk\u00f3w letniskowych.<\/span><\/td>\n<\/tr>\n<tr valign=\"TOP\">\n<td width=\"125\"><span style=\"font-size: medium;\"><b>09.05.2013<\/b><\/span><span style=\"font-size: medium;\">(czwartek)<\/span><\/td>\n<td width=\"266\"><span style=\"font-size: medium;\">Ulica: 1 Maja<\/span><\/td>\n<td width=\"190\"><span style=\"font-size: medium;\">Odczyt nie dotyczy kolonii i domk\u00f3w letniskowych.<\/span><\/td>\n<\/tr>\n<tr valign=\"TOP\">\n<td width=\"125\"><span style=\"font-size: medium;\"><b>10.05.2013<\/b><\/span><span style=\"font-size: medium;\">(piatek)<\/span><\/td>\n<td width=\"266\"><span style=\"font-size: medium;\">Ulice: Le\u015bna, Ogrodowa, Mazurska, Mazowiecka, <\/span><\/td>\n<td width=\"190\"><span style=\"font-size: medium;\">Odczyt nie dotyczy kolonii i domk\u00f3w letniskowych.<\/span><\/td>\n<\/tr>\n<tr valign=\"TOP\">\n<td width=\"125\"><span style=\"font-size: medium;\"><b>13.05.2013<\/b><\/span><span style=\"font-size: medium;\">(poniedzia\u0142ek.)<\/span><\/td>\n<td width=\"266\"><span style=\"font-size: medium;\">Szu\u0107<\/span><\/td>\n<td width=\"190\"><span style=\"font-size: medium;\">Odczyt nie dotyczy kolonii i domk\u00f3w letniskowych.<\/span><\/td>\n<\/tr>\n<tr valign=\"TOP\">\n<td width=\"125\"><span style=\"font-size: medium;\"><b>14.05.2013<\/b><\/span><span style=\"font-size: medium;\">(wtorek)<\/span><\/td>\n<td width=\"266\"><span style=\"font-size: medium;\">Burd\u0105g<\/span><\/td>\n<td width=\"190\"><span style=\"font-size: medium;\">Odczyt nie dotyczy kolonii i domk\u00f3w letniskowych.<\/span><\/td>\n<\/tr>\n<tr valign=\"TOP\">\n<td width=\"125\"><span style=\"font-size: medium;\"><b>15.05.2013<\/b><\/span><span style=\"font-size: medium;\">(\u015broda)<\/span><\/td>\n<td width=\"266\"><span style=\"font-size: medium;\">Witowo, Brajniki, Warcha\u0142y, Narty<\/span><\/td>\n<td width=\"190\"><span style=\"font-size: medium;\">Odczyt nie dotyczy kolonii i domk\u00f3w letniskowych.<\/span><\/td>\n<\/tr>\n<tr valign=\"TOP\">\n<td width=\"125\"><span style=\"font-size: medium;\"><b>16.05.2013<\/b><\/span><span style=\"font-size: medium;\">(czwartek)<\/span><\/td>\n<td width=\"266\"><span style=\"font-size: medium;\">Lipniki, Czarny Piec<\/span><\/td>\n<td width=\"190\"><span style=\"font-size: medium;\">Odczyt nie dotyczy kolonii i domk\u00f3w letniskowych.<\/span><\/td>\n<\/tr>\n<tr valign=\"TOP\">\n<td width=\"125\"><span style=\"font-size: medium;\"><b>17.05.2013<\/b><\/span><span style=\"font-size: medium;\">(piatek)<\/span><\/td>\n<td width=\"266\"><span style=\"font-size: medium;\">Waplewo<\/span><\/td>\n<td width=\"190\"><span style=\"font-size: medium;\">Odczyt nie dotyczy kolonii i domk\u00f3w letniskowych.<\/span><\/td>\n<\/tr>\n<tr valign=\"TOP\">\n<td width=\"125\" height=\"48\"><span style=\"font-size: medium;\"><b>20.05.2013<\/b><\/span><span style=\"font-size: medium;\">(poniedzia\u0142ek)<\/span><\/td>\n<td width=\"266\"><span style=\"font-size: medium;\">Pozostali odbiorcy, sprawy za\u0142atwiane telefonicznie b\u0105d\u017a osobi\u015bcie.<\/span><\/td>\n<td width=\"190\">\n<p align=\"CENTER\"><span style=\"font-size: medium;\">KOLONIE<\/span><\/p>\n<\/td>\n<\/tr>\n<\/tbody>\n<\/table>\n<p>&nbsp;<\/p>\n<p>W razie Pa\u0144stwa nieobecno\u015bci, prosimy o kontakt telefoniczny pod nr telefonu : <strong>89 6213045 wew. 21<\/strong> b\u0105d\u017a kontakt osobisty w celu rozliczenia z bie\u017c\u0105cego stanu wodomierza .<\/p>\n","protected":false},"excerpt":{"rendered":"<p>DATA MIEJSCOWO\u015a\u0106 \/ ULICA UWAGI 06.05.2013 (poniedzia\u0142ek) Czynsz na ulicach:  [&#8230;]<\/p>\n","protected":false},"author":55,"featured_media":0,"comment_status":"closed","ping_status":"closed","sticky":false,"template":"","format":"standard","meta":{"ngg_post_thumbnail":0,"footnotes":""},"categories":[1],"tags":[],"class_list":["post-4826","post","type-post","status-publish","format-standard","hentry","category-wiadomosci"],"_links":{"self":[{"href":"https:\/\/archiwum.jedwabno.pl\/jdbn_json_endpoint\/wp\/v2\/posts\/4826","targetHints":{"allow":["GET"]}}],"collection":[{"href":"https:\/\/archiwum.jedwabno.pl\/jdbn_json_endpoint\/wp\/v2\/posts"}],"about":[{"href":"https:\/\/archiwum.jedwabno.pl\/jdbn_json_endpoint\/wp\/v2\/types\/post"}],"author":[{"embeddable":true,"href":"https:\/\/archiwum.jedwabno.pl\/jdbn_json_endpoint\/wp\/v2\/users\/55"}],"replies":[{"embeddable":true,"href":"https:\/\/archiwum.jedwabno.pl\/jdbn_json_endpoint\/wp\/v2\/comments?post=4826"}],"version-history":[{"count":0,"href":"https:\/\/archiwum.jedwabno.pl\/jdbn_json_endpoint\/wp\/v2\/posts\/4826\/revisions"}],"wp:attachment":[{"href":"https:\/\/archiwum.jedwabno.pl\/jdbn_json_endpoint\/wp\/v2\/media?parent=4826"}],"wp:term":[{"taxonomy":"category","embeddable":true,"href":"https:\/\/archiwum.jedwabno.pl\/jdbn_json_endpoint\/wp\/v2\/categories?post=4826"},{"taxonomy":"post_tag","embeddable":true,"href":"https:\/\/archiwum.jedwabno.pl\/jdbn_json_endpoint\/wp\/v2\/tags?post=4826"}],"curies":[{"name":"wp","href":"https:\/\/api.w.org\/{rel}","templated":true}]}}