{"id":4786,"date":"2013-04-23T20:27:45","date_gmt":"2013-04-23T20:27:45","guid":{"rendered":"https:\/\/www.jedwabno.pl\/?p=4786"},"modified":"2013-04-23T20:27:45","modified_gmt":"2013-04-23T20:27:45","slug":"misterium-meki-panskiej-20-marca-2013-roku","status":"publish","type":"post","link":"https:\/\/archiwum.jedwabno.pl\/4786\/misterium-meki-panskiej-20-marca-2013-roku","title":{"rendered":"MISTERIUM M\u0118KI PA\u0143SKIEJ &#8211; 20 marca 2013 roku"},"content":{"rendered":"<p align=\"JUSTIFY\">W dniu 20 marca 2013 roku w Sali Gminnego O\u015brodka Kultury w Jedwabnie odby\u0142o si\u0119 Misterium M\u0119ki Pa\u0144skiej wystawione przez uczni\u00f3w Zespo\u0142u Szk\u00f3\u0142 w Jedwabnie.<\/p>\n<p align=\"JUSTIFY\">Prace przygotowawcze do inscenizacji koordynowa\u0142a Pani Bo\u017cena Drelich przy wsp\u00f3\u0142pracy<\/p>\n<p align=\"JUSTIFY\">z nauczycielkami: Wand\u0105 Bojarsk\u0105, Marzen\u0105 Skulimowsk\u0105-Kamola , Zofia Koz\u0142owska oraz wsparciu rodzic\u00f3w: Pani G\u0142owackiej Ewy, Jadwigi Niebrzydowskiej, pp. Drobot z Pidunia, Gromek z Burd\u0105ga, Dymkowscy z D\u0142u\u017cka.<\/p>\n<p align=\"JUSTIFY\">Obecni na sali widzowie, w tym ks. Proboszcz Roman Lompa byli pod wielkim wra\u017ceniem g\u0142\u0119bokiej tre\u015bci zawartej w przedstawieniu. Gratulujemy pomys\u0142u i osi\u0105gni\u0119tych efekt\u00f3w! Poni\u017cej prezentujemy filmik z tego wydarzenia.<\/p>\n<p><iframe src=\"http:\/\/player.vimeo.com\/video\/64631146?title=0&amp;byline=0&amp;portrait=0\" height=\"375\" width=\"500\" allowfullscreen=\"\" frameborder=\"0\"><\/iframe><\/p>\n<p><iframe src=\"http:\/\/player.vimeo.com\/video\/64632738?title=0&amp;byline=0&amp;portrait=0\" height=\"375\" width=\"500\" allowfullscreen=\"\" frameborder=\"0\"><\/iframe><\/p>\n<p><iframe src=\"http:\/\/player.vimeo.com\/video\/64632737?title=0&amp;byline=0&amp;portrait=0\" height=\"375\" width=\"500\" allowfullscreen=\"\" frameborder=\"0\"><\/iframe><\/p>\n<p><iframe src=\"http:\/\/player.vimeo.com\/video\/64632736?title=0&amp;byline=0&amp;portrait=0\" height=\"375\" width=\"500\" allowfullscreen=\"\" frameborder=\"0\"><\/iframe><\/p>\n<p>\/\/Z przyczyn technicznych pierwsza cz\u0119\u015b\u0107 filmu zostanie opublikowana w p\u00f3\u017aniejszym terminie \/\/<\/p>\n","protected":false},"excerpt":{"rendered":"<p>W dniu 20 marca 2013 roku w Sali Gminnego O\u015brodka  [&#8230;]<\/p>\n","protected":false},"author":55,"featured_media":0,"comment_status":"closed","ping_status":"closed","sticky":false,"template":"","format":"standard","meta":{"ngg_post_thumbnail":0,"footnotes":""},"categories":[1],"tags":[],"class_list":["post-4786","post","type-post","status-publish","format-standard","hentry","category-wiadomosci"],"_links":{"self":[{"href":"https:\/\/archiwum.jedwabno.pl\/jdbn_json_endpoint\/wp\/v2\/posts\/4786","targetHints":{"allow":["GET"]}}],"collection":[{"href":"https:\/\/archiwum.jedwabno.pl\/jdbn_json_endpoint\/wp\/v2\/posts"}],"about":[{"href":"https:\/\/archiwum.jedwabno.pl\/jdbn_json_endpoint\/wp\/v2\/types\/post"}],"author":[{"embeddable":true,"href":"https:\/\/archiwum.jedwabno.pl\/jdbn_json_endpoint\/wp\/v2\/users\/55"}],"replies":[{"embeddable":true,"href":"https:\/\/archiwum.jedwabno.pl\/jdbn_json_endpoint\/wp\/v2\/comments?post=4786"}],"version-history":[{"count":0,"href":"https:\/\/archiwum.jedwabno.pl\/jdbn_json_endpoint\/wp\/v2\/posts\/4786\/revisions"}],"wp:attachment":[{"href":"https:\/\/archiwum.jedwabno.pl\/jdbn_json_endpoint\/wp\/v2\/media?parent=4786"}],"wp:term":[{"taxonomy":"category","embeddable":true,"href":"https:\/\/archiwum.jedwabno.pl\/jdbn_json_endpoint\/wp\/v2\/categories?post=4786"},{"taxonomy":"post_tag","embeddable":true,"href":"https:\/\/archiwum.jedwabno.pl\/jdbn_json_endpoint\/wp\/v2\/tags?post=4786"}],"curies":[{"name":"wp","href":"https:\/\/api.w.org\/{rel}","templated":true}]}}