{"id":4756,"date":"2013-05-09T13:40:35","date_gmt":"2013-05-09T13:40:35","guid":{"rendered":"https:\/\/www.jedwabno.pl\/?p=4756"},"modified":"2013-05-09T13:40:35","modified_gmt":"2013-05-09T13:40:35","slug":"wypalanie-traw-zabija","status":"publish","type":"post","link":"https:\/\/archiwum.jedwabno.pl\/4756\/wypalanie-traw-zabija","title":{"rendered":"WYPALANIE TRAW ZABIJA"},"content":{"rendered":"<p><b>NIE WYPALAJ, NIE ZABIJAJ<\/b><\/p>\n<p><b>Dopiero co przysz\u0142a sp\u00f3\u017aniona wiosna a stra\u017cacy w powiecie szczycie\u0144skim maj\u0105 ju\u017c do czynienia z coroczn\u0105 zmor\u0105 jak\u0105 jest wypalanie p\u00f3\u0142 i \u0142\u0105k. Trawy p\u0142on\u0119\u0142y ju\u017c mi\u0119dzy innymi w Brajnikach. Ten niebezpieczny i karalny proceder wci\u0105\u017c ma wielu mi\u0142o\u015bnik\u00f3w. Do tej pory w naszym wojew\u00f3dztwie zanotowano \u0142\u0105cznie 309 przypadk\u00f3w po\u017car\u00f3w traw. W ubieg\u0142ym roku na Warmii i Mazurach takich przypadk\u00f3w by\u0142o \u0142\u0105cznie 2\u00a0525. Dlaczego nie nale\u017cy wypala\u0107 traw i gdzie ich w naszym powiecie p\u0142onie najwi\u0119cej? Przeczytajcie&#8230;<\/b><\/p>\n<p>W ubieg\u0142ym roku trawy w naszym powiecie p\u0142on\u0119\u0142y ju\u017c 6 marca. \u0141\u0105cznie w 2012 roku zanotowano 85 zg\u0142oszonych po\u017car\u00f3w traw. Najwi\u0119cej traw podpalono w gminach Pasym, D\u017awierzuty, Szczytno, Wielbark i o dziwo w mie\u015bcie Szczytno. Miasto Szczytno jest tu niechlubnym liderem. Trawy p\u0142on\u0119\u0142y w Szczytnie a\u017c 24 razy. Na drugim miejscu znalaz\u0142 si\u0119 Grom, gdzie zanotowano 7 takich przypadk\u00f3w. Do najwi\u0119kszych powierzchniowo podpale\u0144 traw dosz\u0142o w Och\u00f3dnie (7 ha), Gromie (4 ha), Gromie, Budach, Pasymiu, Ma\u0142szewku (3 ha), Szczytnie (2 ha), Olszynach (1,5 ha), Kucborku (1,2 ha), Nowym Gizewie i Wielbarku (1 ha). W gminie Jedwabno zanotowano w\u00f3wczas 4 wyjazdy stra\u017cak\u00f3w do p\u0142on\u0105cych traw: do Burd\u0105ga, Rekownicy i 2 razy do Witowa. Ostatnie trawy w powiecie p\u0142on\u0119\u0142y 20 maja. \u0141\u0105cznie proceder wypalania traw w 2012 roku trwa\u0142 w powiecie szczycie\u0144skim ponad 2,5 miesi\u0105ca i obj\u0105\u0142 prawie 60 ha teren\u00f3w. W skali ca\u0142ego wojew\u00f3dztwa w 2012 roku powiat szczycie\u0144ski znalaz\u0142 si\u0119 na 12 miejscu (na 19 powiat\u00f3w) pod wzgl\u0119dem ilo\u015bci przypadk\u00f3w wypalania traw. Nie jest wi\u0119c u nas najgorzej, co nie oznacza \u017ce nie mo\u017ce by\u0107 lepiej.<\/p>\n<p>Przed\u0142u\u017caj\u0105ca si\u0119 tegoroczna zima spowodowa\u0142a, \u017ce niebezpieczny ?sezon? wypalania traw znacznie si\u0119 op\u00f3\u017ani\u0142 ale w powiecie szczycie\u0144skim w\u0142a\u015bnie zanotowano pierwsze przypadki wypalania traw. Cho\u0107 proceder wypalania traw jest zakazany i surowo karany to wci\u0105\u017c ma wielu mi\u0142o\u015bnik\u00f3w. Mimo, \u017ce grozi za to kara aresztu i grzywny do 5\u00a0000 z\u0142 a w przypadku wywo\u0142ania szczeg\u00f3lnie niebezpiecznego po\u017caru nawet kara wi\u0119zienia od roku do 10 lat. Wbrew utartym pogl\u0105dom czynno\u015b\u0107 wypalania traw nie ma \u017cadnego gospodarczego uzasadnienia a straty wywo\u0142ane bezmy\u015blnym podpaleniem traw mog\u0105 by\u0107 pot\u0119\u017cne. Jest to niebezpieczne zar\u00f3wno dla przyrody jak i dla \u017cycia i mienia ludzkiego, w tym dla samych podpalaczy.\u00a0 P\u0142on\u0105ce trawy s\u0105 tak\u017ce zagro\u017ceniem dla stra\u017cak\u00f3w. W ubieg\u0142ym roku wypalanie traw w Polsce kosztowa\u0142o \u017cycie jednego stra\u017caka. Do tej tragedii dosz\u0142o w wojew\u00f3dztwie mazowieckim. W wyniku silnych podmuch\u00f3w wiatru po\u017car traw gwa\u0142townie si\u0119 rozprzestrzenia\u0142, zagra\u017caj\u0105c pobliskim budynkom mieszkalnym i gospodarczym. Pierwsi przybyli\u00a0 na miejsce stra\u017cacy ? ochotnicy starali si\u0119 obroni\u0107 zagro\u017cone budynki. W trakcie tych dzia\u0142a\u0144 silnym poparzeniom uleg\u0142 25 ? letni stra\u017cak ? ochotnik. Pomimo natychmiastowej pomocy medycznej i przetransportowania go helikopterem z miejsca po\u017caru do Centrum Oparze\u0144 w Siemianowicach \u015al\u0105skich nie uda\u0142o si\u0119 mu uratowa\u0107 \u017cycia. P\u0142on\u0105ce trawy s\u0105 niebezpieczne tak\u017ce i w inny spos\u00f3b. Dymy z wypalanych p\u00f3l i pastwisk truj\u0105 mieszka\u0144c\u00f3w wsi i miast, wywo\u0142uj\u0105c wsz\u0119dobylski sw\u0105d spalonej ro\u015blinno\u015bci a tak\u017ce znacznie ograniczaj\u0105 widoczno\u015b\u0107 na drogach i liniach kolejowych. S\u0142ynna jest historia znanego ameryka\u0144skiego pisarza Williama Whartona, kt\u00f3rego c\u00f3rka wraz z m\u0119\u017cem i dw\u00f3jk\u0105 dzieci zgin\u0119\u0142a w karambolu drogowym w USA wywo\u0142anym wskutek dymu z wypalanych \u015bciernisk (\u0142\u0105czny bilans tego karambolu to 7 ofiar i kilkudziesi\u0119ciu rannych). Pisarz opisa\u0142 swoj\u0105 p\u00f3\u017aniejsz\u0105 walk\u0119 z wypalaczami p\u00f3l w powie\u015bci ?Niezawinione \u015bmierci?. P\u0142on\u0105ce trawy s\u0105 ogromnym zagro\u017ceniem dla pobliskich las\u00f3w. W trakcie wypalania z u\u017cytych wcze\u015bniej \u015brodk\u00f3w ochrony ro\u015blin powstaj\u0105 tak\u017ce silnie truj\u0105ce i rakotw\u00f3rcze dioksyny, kt\u00f3re wraz z dymem zatruwaj\u0105 powietrze, kt\u00f3rym oddychamy. Rok 2013 og\u0142oszono w UE Europejskim Rokiem Obywateli. Trzeba pami\u0119ta\u0107, \u017ce Wsp\u00f3lnota dbaj\u0105c o swoich obywateli dba tak\u017ce o czysto\u015b\u0107 naszego powietrza, mi\u0119dzy innymi poprzez specjaln\u0105 Dyrektyw\u0119 w sprawie jako\u015bci powietrza i czystszego powietrza dla Europy.<\/p>\n<p>W tym roku stra\u017cacy z powiatu szczycie\u0144skiego postanowili zapobiega\u0107 procederowi wypalania traw w nietypowy spos\u00f3b. OSP Szu\u0107 w ramach projektu ?Bezpieczniej mieszkamy bo traw nie wypalamy? przy wsp\u00f3\u0142pracy ze Wojew\u00f3dzkim Funduszem Ochrony \u015arodowiska i Gospodarki Wodnej w Olsztynie, Starostwem Powiatowym w Szczytnie, Komend\u0105 Powiatow\u0105 Pa\u0144stwowej Stra\u017cy Po\u017carnej w Szczytnie i Nadle\u015bnictwem Jedwabno realizuje akcj\u0119 informacyjn\u0105 o niebezpiecze\u0144stwach i konsekwencjach zwi\u0105zanych z wypalaniem traw. G\u0142\u00f3wnym elementem ca\u0142ej akcji b\u0119dzie nakr\u0119cenie specjalnego filmu po\u015bwi\u0119conego niebezpiecze\u0144stwu i negatywnym skutkom wypalania traw. Stra\u017cacy licz\u0105, \u017ce dzi\u0119ki temu pomys\u0142owi uda si\u0119 ograniczy\u0107 skal\u0119 tego procederu. Ca\u0142\u0105 akcj\u0119 i realizacj\u0119 filmu dofinansowa\u0142y Wojew\u00f3dzki Fundusz Ochrony \u015arodowiska i Gospodarki Wodnej w Olsztynie oraz Powiat Szczycie\u0144ski.<\/p>\n<p style=\"text-align: right;\"><em>\u0179r\u00f3d\u0142o: OSP Szu\u0107, KP PSP Szczytno, KW PSP Olsztyn\u00a0<\/em><\/p>\n<p style=\"text-align: center;\"><a href=\"https:\/\/archiwum.jedwabno.pl\/wp-content\/uploads\/2013\/04\/wypalanie.jpg\"><img decoding=\"async\" class=\"aligncenter  wp-image-4757\" alt=\"wypalanie\" src=\"https:\/\/archiwum.jedwabno.pl\/wp-content\/uploads\/2013\/04\/wypalanie.jpg\" width=\"600\" height=\"400\" srcset=\"https:\/\/archiwum.jedwabno.pl\/wp-content\/uploads\/2013\/04\/wypalanie-300x200.jpg 300w, https:\/\/archiwum.jedwabno.pl\/wp-content\/uploads\/2013\/04\/wypalanie.jpg 1000w\" sizes=\"(max-width: 600px) 100vw, 600px\" \/><\/a><\/p>\n","protected":false},"excerpt":{"rendered":"<p>NIE WYPALAJ, NIE ZABIJAJ Dopiero co przysz\u0142a sp\u00f3\u017aniona wiosna a  [&#8230;]<\/p>\n","protected":false},"author":55,"featured_media":4757,"comment_status":"closed","ping_status":"closed","sticky":false,"template":"","format":"standard","meta":{"ngg_post_thumbnail":0,"footnotes":""},"categories":[1],"tags":[],"class_list":["post-4756","post","type-post","status-publish","format-standard","has-post-thumbnail","hentry","category-wiadomosci"],"_links":{"self":[{"href":"https:\/\/archiwum.jedwabno.pl\/jdbn_json_endpoint\/wp\/v2\/posts\/4756","targetHints":{"allow":["GET"]}}],"collection":[{"href":"https:\/\/archiwum.jedwabno.pl\/jdbn_json_endpoint\/wp\/v2\/posts"}],"about":[{"href":"https:\/\/archiwum.jedwabno.pl\/jdbn_json_endpoint\/wp\/v2\/types\/post"}],"author":[{"embeddable":true,"href":"https:\/\/archiwum.jedwabno.pl\/jdbn_json_endpoint\/wp\/v2\/users\/55"}],"replies":[{"embeddable":true,"href":"https:\/\/archiwum.jedwabno.pl\/jdbn_json_endpoint\/wp\/v2\/comments?post=4756"}],"version-history":[{"count":0,"href":"https:\/\/archiwum.jedwabno.pl\/jdbn_json_endpoint\/wp\/v2\/posts\/4756\/revisions"}],"wp:featuredmedia":[{"embeddable":true,"href":"https:\/\/archiwum.jedwabno.pl\/jdbn_json_endpoint\/wp\/v2\/media\/4757"}],"wp:attachment":[{"href":"https:\/\/archiwum.jedwabno.pl\/jdbn_json_endpoint\/wp\/v2\/media?parent=4756"}],"wp:term":[{"taxonomy":"category","embeddable":true,"href":"https:\/\/archiwum.jedwabno.pl\/jdbn_json_endpoint\/wp\/v2\/categories?post=4756"},{"taxonomy":"post_tag","embeddable":true,"href":"https:\/\/archiwum.jedwabno.pl\/jdbn_json_endpoint\/wp\/v2\/tags?post=4756"}],"curies":[{"name":"wp","href":"https:\/\/api.w.org\/{rel}","templated":true}]}}