{"id":4735,"date":"2013-04-11T11:46:25","date_gmt":"2013-04-11T11:46:25","guid":{"rendered":"https:\/\/www.jedwabno.pl\/?p=4735"},"modified":"2013-04-11T11:46:25","modified_gmt":"2013-04-11T11:46:25","slug":"wojewodzki-lekarz-weterynarii-komunikat-szczepienia-lisow","status":"publish","type":"post","link":"https:\/\/archiwum.jedwabno.pl\/4735\/wojewodzki-lekarz-weterynarii-komunikat-szczepienia-lisow","title":{"rendered":"Wojew\u00f3dzki Lekarz Weterynarii &#8211; Komunikat &#8211; Szczepienia lis\u00f3w"},"content":{"rendered":"<p>Warmi\u0144sko ? Mazurski Wojew\u00f3dzki Lekarz Weterynarii informuje, \u017ce w dniach 22 ? 26 kwietnia 2013 roku, na terenie tutejszego wojew\u00f3dztwa, przeprowadzone b\u0119dzie szczepienie lis\u00f3w wolno \u017cyj\u0105cych przeciwko w\u015bciekli\u017anie.<\/p>\n<p>Przyn\u0119ty zawieraj\u0105ce blister ze szczepionk\u0105 zostan\u0105 zrzucone z samolot\u00f3w, na obszary bytowania zwierz\u0105t dzikich.<\/p>\n<p>W zwi\u0105zku z powy\u017cszym w okresie zrzutu oraz 3 tygodnie po ich zako\u0144czeniu prosi si\u0119 o:<\/p>\n<ul>\n<li>uszanowanie ciszy le\u015bnej<\/li>\n<li>nie p\u0142oszenie zwierzyny<\/li>\n<li>nie wyprowadzanie zwierz\u0105t domowych na tereny niezabudowane<\/li>\n<li>nie podnoszenie i nie niszczenie przyn\u0119t<\/li>\n<li>w przypadku kontaktu zwierz\u0105t domowych ze szczepionk\u0105 nale\u017cy zg\u0142osi\u0107 ten fakt lekarzowi weterynarii<\/li>\n<li>w przypadku dostania si\u0119 szczepionki na uszkodzon\u0105 sk\u00f3r\u0119 cz\u0142owieka wzgl\u0119dnie jego oczy, jam\u0119 ustn\u0105 czy nos, nale\u017cy miejsca te gruntownie przemy\u0107 wod\u0105 z myd\u0142em, a nast\u0119pnie zg\u0142osi\u0107 si\u0119 do lekarza<\/li>\n<li>szczeg\u00f3lne pouczenie o powy\u017cszych zasadach dzieci<\/li>\n<\/ul>\n<p>&nbsp;<\/p>\n<p style=\"text-align: right;\">Warmi\u0144sko ? Mazurski<br \/>\nWojew\u00f3dzki Lekarz Weterynarii<\/p>\n<p>&nbsp;<\/p>\n<p>&nbsp;<\/p>\n<h2 style=\"text-align: center;\"><strong>I N F O R M A C J A<\/strong><\/h2>\n<p style=\"text-align: center;\"><strong>DLA MIESZKA\u0143C\u00d3W TEREN\u00d3W, NA KT\u00d3RYCH ZOSTAN\u0104 WY\u0141O\u017bONE ?SZCZEPIONKI ? PRZYN\u0118TY? PRZEZNACZONE DO PRZEPROWADZENIA SZCZEPIE\u0143 LIS\u00d3W WOLNO \u017bYJ\u0104CYCH PRZECIWKO W\u015aCIEKLI\u0179NIE<\/strong><\/p>\n<ul>\n<li>Celem skutecznego zwalczania w\u015bcieklizny u lis\u00f3w wolno \u017cyj\u0105cych, drog\u0105 zrzut\u00f3w z samolot\u00f3w, zostan\u0105 wy\u0142o\u017cone przyn\u0119ty z zatopionym blistrem zawieraj\u0105cym szczepionk\u0119.<\/li>\n<li>Przyn\u0119ty w kszta\u0142cie \u015bci\u0119tych sto\u017ck\u00f3w, koloru szarego, o wymiarach 3,9 x 3,5 x 1,5 cm zawieraj\u0105 zatopiony, plastikowy pojemnik z p\u0142ynn\u0105 szczepionk\u0105.<\/li>\n<li>Prosimy nie dotyka\u0107 i nie niszczy\u0107 przyn\u0119t.<\/li>\n<li>Przyn\u0119ty, kt\u00f3re by\u0142y dotykane przez ludzi nie s\u0105 podejmowane przez lisy.<\/li>\n<li>Dla zachowania ostro\u017cno\u015bci, w przypadku dostania si\u0119 szczepionki na b\u0142ony \u015bluzowe cz\u0142owieka wzgl\u0119dnie na uszkodzony nask\u00f3rek nale\u017cy miejsca te gruntownie przemy\u0107 wod\u0105 z myd\u0142em, a nast\u0119pnie zg\u0142osi\u0107 si\u0119 do lekarza.<\/li>\n<li>W przypadku kontaktu zwierz\u0105t domowych ze szczepionk\u0105 nale\u017cy zg\u0142osi\u0107 ten fakt lekarzowi weterynarii.<\/li>\n<li>Po wy\u0142o\u017ceniu przyn\u0119t, przez okres 3 tygodni, trzyma\u0107 psy na uwi\u0119zi, a koty w zamkni\u0119ciu.<\/li>\n<\/ul>\n<p style=\"text-align: center;\">DZI\u0118KUJEMY ZA POMOC W SKUTECZNYM PRZEPROWADZENIU AKCJI SZCZEPIENIA LIS\u00d3W WOLNO \u017bYJ\u0104CYCH PRZECIWKO W\u015aCIEKLIZNY<\/p>\n<p style=\"text-align: right;\">Warmi\u0144sko ? Mazurski<br \/>\nWojew\u00f3dzki Lekarz Weterynarii<\/p>\n","protected":false},"excerpt":{"rendered":"<p>Warmi\u0144sko ? Mazurski Wojew\u00f3dzki Lekarz Weterynarii informuje, \u017ce w dniach  [&#8230;]<\/p>\n","protected":false},"author":55,"featured_media":0,"comment_status":"closed","ping_status":"closed","sticky":false,"template":"","format":"standard","meta":{"ngg_post_thumbnail":0,"footnotes":""},"categories":[1],"tags":[],"class_list":["post-4735","post","type-post","status-publish","format-standard","hentry","category-wiadomosci"],"_links":{"self":[{"href":"https:\/\/archiwum.jedwabno.pl\/jdbn_json_endpoint\/wp\/v2\/posts\/4735","targetHints":{"allow":["GET"]}}],"collection":[{"href":"https:\/\/archiwum.jedwabno.pl\/jdbn_json_endpoint\/wp\/v2\/posts"}],"about":[{"href":"https:\/\/archiwum.jedwabno.pl\/jdbn_json_endpoint\/wp\/v2\/types\/post"}],"author":[{"embeddable":true,"href":"https:\/\/archiwum.jedwabno.pl\/jdbn_json_endpoint\/wp\/v2\/users\/55"}],"replies":[{"embeddable":true,"href":"https:\/\/archiwum.jedwabno.pl\/jdbn_json_endpoint\/wp\/v2\/comments?post=4735"}],"version-history":[{"count":0,"href":"https:\/\/archiwum.jedwabno.pl\/jdbn_json_endpoint\/wp\/v2\/posts\/4735\/revisions"}],"wp:attachment":[{"href":"https:\/\/archiwum.jedwabno.pl\/jdbn_json_endpoint\/wp\/v2\/media?parent=4735"}],"wp:term":[{"taxonomy":"category","embeddable":true,"href":"https:\/\/archiwum.jedwabno.pl\/jdbn_json_endpoint\/wp\/v2\/categories?post=4735"},{"taxonomy":"post_tag","embeddable":true,"href":"https:\/\/archiwum.jedwabno.pl\/jdbn_json_endpoint\/wp\/v2\/tags?post=4735"}],"curies":[{"name":"wp","href":"https:\/\/api.w.org\/{rel}","templated":true}]}}