{"id":4728,"date":"2013-04-10T09:42:41","date_gmt":"2013-04-10T09:42:41","guid":{"rendered":"https:\/\/www.jedwabno.pl\/?p=4728"},"modified":"2013-04-10T09:42:41","modified_gmt":"2013-04-10T09:42:41","slug":"msza-i-uroczystosci-w-iii-rocznice-ofiar-katastrofy-smolenskiej-10-04-2013-rok","status":"publish","type":"post","link":"https:\/\/archiwum.jedwabno.pl\/4728\/msza-i-uroczystosci-w-iii-rocznice-ofiar-katastrofy-smolenskiej-10-04-2013-rok","title":{"rendered":"Msza i Uroczysto\u015bci w III Rocznic\u0119 Ofiar Katastrofy Smole\u0144skiej, 10.04.2013 rok"},"content":{"rendered":"<p>Dnia 10.04.2013 roku W\u0142adze Gminy, uczniowie Zespo\u0142u Szk\u00f3\u0142 w Jedwabnie oraz mieszka\u0144cy Gminy Jedwabno wzi\u0119li udzia\u0142 w Mszy \u015awi\u0119tej z intencj\u0105 za Ojczyzn\u0119, kt\u00f3r\u0105 poprowadzi\u0142 ksi\u0105dz proboszcz Roman Lompa. Nast\u0119pnie \u00a0ku czci i pami\u0119ci ofiar W\u00f3jt Gminy Jedwabno Krzysztof Otulakowski wraz z Przewodnicz\u0105c\u0105 Rady Gminy Mari\u0105 Sienkiewicz oraz Przewodnicz\u0105cym Komisji Rewizyjnej Szczepanem Worobiejem pod pomnikiem upami\u0119tniaj\u0105cym zmar\u0142ych KATY\u0143 1940 ? SMOLE\u0143SK 2010 z\u0142o\u017cyli kwiaty i zapalili symboliczny znicz.<\/p>\n<p>&nbsp;<\/p>\nngg_shortcode_0_placeholder\n","protected":false},"excerpt":{"rendered":"<p>Dnia 10.04.2013 roku W\u0142adze Gminy, uczniowie Zespo\u0142u Szk\u00f3\u0142 w Jedwabnie  [&#8230;]<\/p>\n","protected":false},"author":55,"featured_media":4729,"comment_status":"closed","ping_status":"closed","sticky":false,"template":"","format":"standard","meta":{"ngg_post_thumbnail":0,"footnotes":""},"categories":[1],"tags":[],"class_list":["post-4728","post","type-post","status-publish","format-standard","has-post-thumbnail","hentry","category-wiadomosci"],"_links":{"self":[{"href":"https:\/\/archiwum.jedwabno.pl\/jdbn_json_endpoint\/wp\/v2\/posts\/4728","targetHints":{"allow":["GET"]}}],"collection":[{"href":"https:\/\/archiwum.jedwabno.pl\/jdbn_json_endpoint\/wp\/v2\/posts"}],"about":[{"href":"https:\/\/archiwum.jedwabno.pl\/jdbn_json_endpoint\/wp\/v2\/types\/post"}],"author":[{"embeddable":true,"href":"https:\/\/archiwum.jedwabno.pl\/jdbn_json_endpoint\/wp\/v2\/users\/55"}],"replies":[{"embeddable":true,"href":"https:\/\/archiwum.jedwabno.pl\/jdbn_json_endpoint\/wp\/v2\/comments?post=4728"}],"version-history":[{"count":0,"href":"https:\/\/archiwum.jedwabno.pl\/jdbn_json_endpoint\/wp\/v2\/posts\/4728\/revisions"}],"wp:featuredmedia":[{"embeddable":true,"href":"https:\/\/archiwum.jedwabno.pl\/jdbn_json_endpoint\/wp\/v2\/media\/4729"}],"wp:attachment":[{"href":"https:\/\/archiwum.jedwabno.pl\/jdbn_json_endpoint\/wp\/v2\/media?parent=4728"}],"wp:term":[{"taxonomy":"category","embeddable":true,"href":"https:\/\/archiwum.jedwabno.pl\/jdbn_json_endpoint\/wp\/v2\/categories?post=4728"},{"taxonomy":"post_tag","embeddable":true,"href":"https:\/\/archiwum.jedwabno.pl\/jdbn_json_endpoint\/wp\/v2\/tags?post=4728"}],"curies":[{"name":"wp","href":"https:\/\/api.w.org\/{rel}","templated":true}]}}