{"id":4616,"date":"2013-03-14T14:32:36","date_gmt":"2013-03-14T14:32:36","guid":{"rendered":"https:\/\/www.jedwabno.pl\/?p=4616"},"modified":"2013-03-18T08:25:29","modified_gmt":"2013-03-18T08:25:29","slug":"brazowy-krzyz-zaslugi-dla-czlonkow-zespolu-piesni-i-tanca-jedwabno","status":"publish","type":"post","link":"https:\/\/archiwum.jedwabno.pl\/4616\/brazowy-krzyz-zaslugi-dla-czlonkow-zespolu-piesni-i-tanca-jedwabno","title":{"rendered":"Br\u0105zowy Krzy\u017c Zas\u0142ugi dla cz\u0142onk\u00f3w Zespo\u0142u Pie\u015bni i Ta\u0144ca &#8222;Jedwabno&#8221;"},"content":{"rendered":"<p>Dzie\u0144 12.03.2013 rok by\u0142 wyj\u0105tkowy dla cz\u0142onk\u00f3w Zespo\u0142u Pie\u015bni i Ta\u0144ca &#8222;Jedwabno&#8221;, gdy\u017c \u00a0byli go\u015b\u0107mi \u00a0Wojewody Warmi\u0144sko &#8211; Mazurskiego Pana Mariana Podziewskiego. Dnia 13.11.2012 roku Pan Krzysztof Otulakowski, W\u00f3jt Gminy Jedwabno wystosowa\u0142 za po\u015brednictwem\u00a0 Wojewody Warmi\u0144sko- Mazurskiego do Prezydenta RP o nadanie odznaczenia- Br\u0105zowy Krzy\u017c Zas\u0142ugi Prezydenta RP Bronis\u0142awa Komorowskiego dla zas\u0142u\u017conych w dziedzinie kultury cz\u0142onk\u00f3w Zespo\u0142u Pie\u015bni i Ta\u0144ca &#8222;Jedwabno&#8221;. Wniosek zosta\u0142 rozpatrzony pozytywnie . Ceremonia wr\u0119czenia odznacze\u0144 odby\u0142a si\u0119 w Urz\u0119dzie Wojew\u00f3dzkim w Olsztynie u Wojewody Warmi\u0144sko-Mazurskiego w\u0142a\u015bnie w dniu 12 marca 2013 roku. Po odegraniu hymnu pa\u0144stwowego \u00a0Wojewoda Warmi\u0144sko-Mazurski wr\u0119czy\u0142 w imieniu Prezydenta RP Br\u0105zowe Krzy\u017ce\u00a0 Zas\u0142ugi nast\u0119puj\u0105cym cz\u0142onkom ZPiT JEDWABNO:<\/p>\n<p>Krystyna Olszewska,<\/p>\n<p>Bo\u017cena Sztejna,<\/p>\n<p>Jerzy Jankiewicz,<\/p>\n<p>Miros\u0142aw \u0141achacz,<\/p>\n<p>Jaros\u0142aw \u0141achacz.<\/p>\n<p>Atmosfer\u0119 tego wydarzenia oddaj\u0105 za\u0142\u0105czone zdj\u0119cia .<\/p>\n<p>Poni\u017cej tre\u015b\u0107 uzasadnienia W\u00f3jta Gminy Jedwabno do wniosk\u00f3w o odznaczenia:<\/p>\n<p><em>Cz\u0142onek Zespo\u0142u Pie\u015bni i Ta\u0144ca ?Jedwabno? od 1983 roku, od kiedy tylko powsta\u0142 Zesp\u00f3\u0142. Od tamtej pory jest tancerzem. Od chwili wst\u0105pienia do zespo\u0142u wyst\u0119puje na wielu festiwalach w kraju i za granic\u0105. Zesp\u00f3\u0142 koncertowa\u0142 m.in. w takich krajach jak Rosja, Niemcy czy te\u017c Francja. Zesp\u00f3\u0142 Pie\u015bni i Ta\u0144ca ? Jedwabno? specjalizuje si\u0119 w przedstawieniu folkloru z Warmii i Mazur, jest jedyn\u0105 tak\u0105 grup\u0105 w Polsce, kt\u00f3ra posiada tak szeroki repertuar pie\u015bni, ta\u0144c\u00f3w i zabaw z tego regionu. W 1986 r. zesp\u00f3\u0142 wyst\u0105pi\u0142 na Og\u00f3lnopolskim Przegl\u0105dzie Amatorskich Zespo\u0142\u00f3w Scenicznych w Paczkowie. Wyjazd do miasta Guingamp we Francji na Festiwalu Ta\u0144ca Breto\u0144skiego w dniach od 9 do 21 sierpnia 1994 r. zaowocowa\u0142 zaistnieniem Zespo\u0142u ?Jedwabno? na arenie mi\u0119dzynarodowej. W 1995 r. Zesp\u00f3\u0142 wzi\u0105\u0142 udzia\u0142 w filmie pt. ?Wielkanoc w Jedwabnie?, nakr\u0119cony przez TVP Gda\u0144sk. Zagrali w nim cz\u0142onkowie Zespo\u0142u Pie\u015bni i Ta\u0144ca ?Jedwabno?, przypominaj\u0105c tradycje wielkanocne regionu Warmii i Mazur. Zesp\u00f3\u0142 Pie\u015bni i Ta\u0144ca ?Jedwabno? ta\u0144czy\u0142 dla Prezydenta Rzeczpospolitej Polskiej ? Aleksandra Kwa\u015bniewskiego. Odby\u0142o si\u0119 to podczas otwarcia Port\u00f3w Lotniczych w Szymanach ko\u0142o Szczytna. Cz\u0142onkowie zespo\u0142u przywitali g\u0142ow\u0119 pa\u0144stwa chlebem i sol\u0105 oraz u\u015bwietnili uroczysto\u015b\u0107 kr\u00f3tkim wyst\u0119pem. Sta\u0142o si\u0119 to jednocze\u015bnie okazj\u0105 do kolejnej profesjonalnej sesji zdj\u0119ciowej. Rok 1997 obfitowa\u0142 w wiele koncert\u00f3w, z kt\u00f3rych do najwa\u017cniejszych nale\u017ca\u0142 wyjazd do Bad Kreuznach w Niemczech. Ponadto zesp\u00f3\u0142 bra\u0142 udzia\u0142 w III Przegl\u0105dzie Zespo\u0142\u00f3w Tanecznych ?Sztubak?98? oraz uczestniczy\u0142 w VII Mi\u0119dzynarodowym Festiwalu Folkloru w Strzegomiu. W czerwcu 1999 r. zesp\u00f3\u0142 zdoby\u0142 nagrod\u0119 w VI Og\u00f3lnopolskim Festiwalu Zespo\u0142\u00f3w Tanecznych Dzieci i M\u0142odzie\u017cy Szkolnej ?Gorz\u00f3w?99? za prezentacj\u0119 tradycyjnych ta\u0144c\u00f3w warmi\u0144skich, jako warto\u015bci dziedzictwa kultury w\u0142asnego regionu. Rok 2001 zesp\u00f3\u0142 rozpocz\u0105\u0142 20 stycznia wyst\u0119pem dla dzieci niepe\u0142nosprawnych, kt\u00f3ry odby\u0142 si\u0119 w Szczytnie. Spotkanie to mia\u0142o tak\u017ce na celu integracj\u0119 dzieci zdrowych i niepe\u0142nosprawnych. Po dzie\u0144 dzisiejszy zesp\u00f3\u0142 du\u017co koncertuje mi\u0119dzy innymi w Zielonogradsku na Festiwalu Fajerwerk\u00f3w, czy te\u017c w Warszawie w \u0141azienkach. Od 2012 r. m.in. cz\u0142onkowie Zespo\u0142u dzia\u0142aj\u0105\u00a0 w za\u0142o\u017conym przez siebie Stowarzyszeniu Kulturalnym TANECZNIK w Jedwabnie, kt\u00f3rego celem g\u0142\u00f3wnym jest szerzenie kultury Warmii i Mazur. \u00a0Zesp\u00f3\u0142 dumnie reprezentuje Polsk\u0119 na wyst\u0119pach za granic\u0105 propaguj\u0105c folklor Warmii i Mazur.<\/em><\/p>\nngg_shortcode_0_placeholder\n","protected":false},"excerpt":{"rendered":"<p>Dzie\u0144 12.03.2013 rok by\u0142 wyj\u0105tkowy dla cz\u0142onk\u00f3w Zespo\u0142u Pie\u015bni i  [&#8230;]<\/p>\n","protected":false},"author":55,"featured_media":4621,"comment_status":"closed","ping_status":"open","sticky":false,"template":"","format":"standard","meta":{"ngg_post_thumbnail":0,"footnotes":""},"categories":[1],"tags":[],"class_list":["post-4616","post","type-post","status-publish","format-standard","has-post-thumbnail","hentry","category-wiadomosci"],"_links":{"self":[{"href":"https:\/\/archiwum.jedwabno.pl\/jdbn_json_endpoint\/wp\/v2\/posts\/4616","targetHints":{"allow":["GET"]}}],"collection":[{"href":"https:\/\/archiwum.jedwabno.pl\/jdbn_json_endpoint\/wp\/v2\/posts"}],"about":[{"href":"https:\/\/archiwum.jedwabno.pl\/jdbn_json_endpoint\/wp\/v2\/types\/post"}],"author":[{"embeddable":true,"href":"https:\/\/archiwum.jedwabno.pl\/jdbn_json_endpoint\/wp\/v2\/users\/55"}],"replies":[{"embeddable":true,"href":"https:\/\/archiwum.jedwabno.pl\/jdbn_json_endpoint\/wp\/v2\/comments?post=4616"}],"version-history":[{"count":0,"href":"https:\/\/archiwum.jedwabno.pl\/jdbn_json_endpoint\/wp\/v2\/posts\/4616\/revisions"}],"wp:featuredmedia":[{"embeddable":true,"href":"https:\/\/archiwum.jedwabno.pl\/jdbn_json_endpoint\/wp\/v2\/media\/4621"}],"wp:attachment":[{"href":"https:\/\/archiwum.jedwabno.pl\/jdbn_json_endpoint\/wp\/v2\/media?parent=4616"}],"wp:term":[{"taxonomy":"category","embeddable":true,"href":"https:\/\/archiwum.jedwabno.pl\/jdbn_json_endpoint\/wp\/v2\/categories?post=4616"},{"taxonomy":"post_tag","embeddable":true,"href":"https:\/\/archiwum.jedwabno.pl\/jdbn_json_endpoint\/wp\/v2\/tags?post=4616"}],"curies":[{"name":"wp","href":"https:\/\/api.w.org\/{rel}","templated":true}]}}