{"id":4590,"date":"2013-03-13T07:06:14","date_gmt":"2013-03-13T07:06:14","guid":{"rendered":"https:\/\/www.jedwabno.pl\/?p=4590"},"modified":"2013-03-18T08:22:12","modified_gmt":"2013-03-18T08:22:12","slug":"dzien-kobiet-w-nartach-08-03-2013-rok","status":"publish","type":"post","link":"https:\/\/archiwum.jedwabno.pl\/4590\/dzien-kobiet-w-nartach-08-03-2013-rok","title":{"rendered":"Dzie\u0144 Kobiet w Nartach, 08.03.2013 rok"},"content":{"rendered":"<p>Dnia 08.03.2013 roku So\u0142ectwo Narty wraz z cz\u0142onkami Stowarzyszenia Rozwoju i Promocji Miejscowo\u015bci Narty zorganizowali w \u015bwietlicy wiejskiej Dzie\u0144 Kobiet. W tym szczeg\u00f3lnym dniu kobiety obdarowane zosta\u0142y kwiatami i upominkami, a ich wdzi\u0119ki opisane zosta\u0142y s\u0142owami wierszy odczytanych przez m\u0119\u017cczyzn. O ich dobre samopoczucie zadbali panowie, kt\u00f3rzy tego dnia pe\u0142nili rol\u0119 kelner\u00f3w. Panie otrzyma\u0142y tak\u017ce kwiaty od Krzysztofa Otulakowskiego w\u00f3jta Gminy Jedwabno. Nast\u0119pnie nadszed\u0142 czas na zabaw\u0119, Panie mog\u0142y obserwowa\u0107 zmagania W\u00f3jta, So\u0142tysa Nart oraz Radnego Jaros\u0142awa Fr\u0105ckowiaka, kt\u00f3rzy wzi\u0119li udzia\u0142 w konkursie wiedzy o kobietach. Panowie interpretowali funkcj\u0119 przedmiot\u00f3w codziennego u\u017cytku kobiet, takich jak: maskara, peeling czy zalotka. Panie zadeklarowa\u0142y, \u017ce jest to ich ulubione \u015bwi\u0119to.<\/p>\n<p>&nbsp;<\/p>\nngg_shortcode_0_placeholder\n","protected":false},"excerpt":{"rendered":"<p>Dnia 08.03.2013 roku So\u0142ectwo Narty wraz z cz\u0142onkami Stowarzyszenia Rozwoju  [&#8230;]<\/p>\n","protected":false},"author":55,"featured_media":4595,"comment_status":"closed","ping_status":"open","sticky":false,"template":"","format":"standard","meta":{"ngg_post_thumbnail":0,"footnotes":""},"categories":[1],"tags":[],"class_list":["post-4590","post","type-post","status-publish","format-standard","has-post-thumbnail","hentry","category-wiadomosci"],"_links":{"self":[{"href":"https:\/\/archiwum.jedwabno.pl\/jdbn_json_endpoint\/wp\/v2\/posts\/4590","targetHints":{"allow":["GET"]}}],"collection":[{"href":"https:\/\/archiwum.jedwabno.pl\/jdbn_json_endpoint\/wp\/v2\/posts"}],"about":[{"href":"https:\/\/archiwum.jedwabno.pl\/jdbn_json_endpoint\/wp\/v2\/types\/post"}],"author":[{"embeddable":true,"href":"https:\/\/archiwum.jedwabno.pl\/jdbn_json_endpoint\/wp\/v2\/users\/55"}],"replies":[{"embeddable":true,"href":"https:\/\/archiwum.jedwabno.pl\/jdbn_json_endpoint\/wp\/v2\/comments?post=4590"}],"version-history":[{"count":0,"href":"https:\/\/archiwum.jedwabno.pl\/jdbn_json_endpoint\/wp\/v2\/posts\/4590\/revisions"}],"wp:featuredmedia":[{"embeddable":true,"href":"https:\/\/archiwum.jedwabno.pl\/jdbn_json_endpoint\/wp\/v2\/media\/4595"}],"wp:attachment":[{"href":"https:\/\/archiwum.jedwabno.pl\/jdbn_json_endpoint\/wp\/v2\/media?parent=4590"}],"wp:term":[{"taxonomy":"category","embeddable":true,"href":"https:\/\/archiwum.jedwabno.pl\/jdbn_json_endpoint\/wp\/v2\/categories?post=4590"},{"taxonomy":"post_tag","embeddable":true,"href":"https:\/\/archiwum.jedwabno.pl\/jdbn_json_endpoint\/wp\/v2\/tags?post=4590"}],"curies":[{"name":"wp","href":"https:\/\/api.w.org\/{rel}","templated":true}]}}