{"id":4546,"date":"2013-02-27T06:55:30","date_gmt":"2013-02-27T06:55:30","guid":{"rendered":"https:\/\/www.jedwabno.pl\/?p=4546"},"modified":"2013-02-27T06:55:30","modified_gmt":"2013-02-27T06:55:30","slug":"xxx-lecie-zespolu-piesni-i-tanca-jedwabno-gok-23-02-2013","status":"publish","type":"post","link":"https:\/\/archiwum.jedwabno.pl\/4546\/xxx-lecie-zespolu-piesni-i-tanca-jedwabno-gok-23-02-2013","title":{"rendered":"XXX-lecie Zespo\u0142u Pie\u015bni i Ta\u0144ca &#8222;Jedwabno&#8221;, GOK 23.02.2013"},"content":{"rendered":"<p>Dnia 23 lutego 2013 roku w Gminnym O\u015brodku Kultury swoje XXX-lecie obchodzi\u0142 Zesp\u00f3\u0142 Pie\u015bni i Ta\u0144ca &#8222;Jedwabno&#8221;. Wystawiony przez cz\u0142onk\u00f3w Zespo\u0142u spektakl nosi\u0142 tytu\u0142 &#8222;Wiatraki Mazurskie&#8221;, wyre\u017cyserowa\u0142 go Pan Wies\u0142aw Nideraus, scenariusz i choreografi\u0119 przygotowa\u0142a Pani Anna Sarnowska, natomiast scenografi\u0105 zaj\u0119\u0142a si\u0119 Pani Beata Jankowska. Go\u015bcinnie wyst\u0105pi\u0142 Zesp\u00f3\u0142 &#8222;Ciardasie&#8221; z Czarnej G\u00f3ry, dodatkowo z okazji jubileuszu dost\u0119pne by\u0142o stoisko z pami\u0105tkami i wyrobami artystycznymi cz\u0142onk\u00f3w ZPiT &#8222;Jedwabno&#8221;. Podczas tej uroczysto\u015bci cz\u0142onkowie Zespo\u0142u dali niesamowity popis swoich umiej\u0119tno\u015bci artystycznych zwi\u0105zanych z folklorem, ale tak\u017ce i aktorskich. Zesp\u00f3\u0142 go\u015bci\u0142 wiele wa\u017cnych osobisto\u015bci oraz przyjaci\u00f3\u0142, kt\u00f3rzy chcieli wsp\u00f3lnie z nimi prze\u017cywa\u0107 te XXX-lecie po\u0142\u0105czone z\u00a0 Jubileuszem 40-lecia pracy scenicznej Pani Anny Sarnowskiej. Po zako\u0144czeniu spektaklu, liczne delegacje, gratulowa\u0142y Jubilatom \u017cycz\u0105c dalszych sukces\u00f3w.<\/p>\nngg_shortcode_0_placeholder\n","protected":false},"excerpt":{"rendered":"<p>Dnia 23 lutego 2013 roku w Gminnym O\u015brodku Kultury swoje  [&#8230;]<\/p>\n","protected":false},"author":55,"featured_media":4548,"comment_status":"closed","ping_status":"open","sticky":false,"template":"","format":"standard","meta":{"ngg_post_thumbnail":0,"footnotes":""},"categories":[1],"tags":[],"class_list":["post-4546","post","type-post","status-publish","format-standard","has-post-thumbnail","hentry","category-wiadomosci"],"_links":{"self":[{"href":"https:\/\/archiwum.jedwabno.pl\/jdbn_json_endpoint\/wp\/v2\/posts\/4546","targetHints":{"allow":["GET"]}}],"collection":[{"href":"https:\/\/archiwum.jedwabno.pl\/jdbn_json_endpoint\/wp\/v2\/posts"}],"about":[{"href":"https:\/\/archiwum.jedwabno.pl\/jdbn_json_endpoint\/wp\/v2\/types\/post"}],"author":[{"embeddable":true,"href":"https:\/\/archiwum.jedwabno.pl\/jdbn_json_endpoint\/wp\/v2\/users\/55"}],"replies":[{"embeddable":true,"href":"https:\/\/archiwum.jedwabno.pl\/jdbn_json_endpoint\/wp\/v2\/comments?post=4546"}],"version-history":[{"count":0,"href":"https:\/\/archiwum.jedwabno.pl\/jdbn_json_endpoint\/wp\/v2\/posts\/4546\/revisions"}],"wp:featuredmedia":[{"embeddable":true,"href":"https:\/\/archiwum.jedwabno.pl\/jdbn_json_endpoint\/wp\/v2\/media\/4548"}],"wp:attachment":[{"href":"https:\/\/archiwum.jedwabno.pl\/jdbn_json_endpoint\/wp\/v2\/media?parent=4546"}],"wp:term":[{"taxonomy":"category","embeddable":true,"href":"https:\/\/archiwum.jedwabno.pl\/jdbn_json_endpoint\/wp\/v2\/categories?post=4546"},{"taxonomy":"post_tag","embeddable":true,"href":"https:\/\/archiwum.jedwabno.pl\/jdbn_json_endpoint\/wp\/v2\/tags?post=4546"}],"curies":[{"name":"wp","href":"https:\/\/api.w.org\/{rel}","templated":true}]}}