{"id":4539,"date":"2013-02-27T06:58:27","date_gmt":"2013-02-27T06:58:27","guid":{"rendered":"https:\/\/www.jedwabno.pl\/?p=4539"},"modified":"2013-02-27T06:58:27","modified_gmt":"2013-02-27T06:58:27","slug":"metamorfoza-w-gminnym-osrodku-kultury-luty-2013","status":"publish","type":"post","link":"https:\/\/archiwum.jedwabno.pl\/4539\/metamorfoza-w-gminnym-osrodku-kultury-luty-2013","title":{"rendered":"Metamorfoza w Gminnym O\u015brodku Kultury, luty 2013"},"content":{"rendered":"<p>Gminny O\u015brodek Kultury w Jedwabnie prze\u017cy\u0142 ma\u0142\u0105 metamorfoz\u0119. Grupa wolontariuszy w sk\u0142adzie: Klaudia Piersa, Izabela i Rafa\u0142 W\u0142odkowscy oraz Tomasz Bielski pod nadzorem\u00a0dyrektora Jerzego Pa\u0142asza od\u015bwie\u017cy\u0142a szare \u015bciany budynku GOKu. Cho\u0107 dobrane kolory nie ka\u017cdemu mog\u0105 przypa\u015b\u0107 do gustu to cel pracy zosta\u0142 osi\u0105gni\u0119ty, gdy\u017c teraz \u015bciany w GOKu s\u0105 czyste i schludne. <strong>Wolontariuszom serdecznie dzi\u0119kujemy za okazan\u0105 pomoc i po\u015bwi\u0119cony czas.<\/strong><\/p>\nngg_shortcode_0_placeholder\n","protected":false},"excerpt":{"rendered":"<p>Gminny O\u015brodek Kultury w Jedwabnie prze\u017cy\u0142 ma\u0142\u0105 metamorfoz\u0119. Grupa wolontariuszy  [&#8230;]<\/p>\n","protected":false},"author":55,"featured_media":4540,"comment_status":"closed","ping_status":"open","sticky":false,"template":"","format":"standard","meta":{"ngg_post_thumbnail":0,"footnotes":""},"categories":[1],"tags":[],"class_list":["post-4539","post","type-post","status-publish","format-standard","has-post-thumbnail","hentry","category-wiadomosci"],"_links":{"self":[{"href":"https:\/\/archiwum.jedwabno.pl\/jdbn_json_endpoint\/wp\/v2\/posts\/4539","targetHints":{"allow":["GET"]}}],"collection":[{"href":"https:\/\/archiwum.jedwabno.pl\/jdbn_json_endpoint\/wp\/v2\/posts"}],"about":[{"href":"https:\/\/archiwum.jedwabno.pl\/jdbn_json_endpoint\/wp\/v2\/types\/post"}],"author":[{"embeddable":true,"href":"https:\/\/archiwum.jedwabno.pl\/jdbn_json_endpoint\/wp\/v2\/users\/55"}],"replies":[{"embeddable":true,"href":"https:\/\/archiwum.jedwabno.pl\/jdbn_json_endpoint\/wp\/v2\/comments?post=4539"}],"version-history":[{"count":0,"href":"https:\/\/archiwum.jedwabno.pl\/jdbn_json_endpoint\/wp\/v2\/posts\/4539\/revisions"}],"wp:featuredmedia":[{"embeddable":true,"href":"https:\/\/archiwum.jedwabno.pl\/jdbn_json_endpoint\/wp\/v2\/media\/4540"}],"wp:attachment":[{"href":"https:\/\/archiwum.jedwabno.pl\/jdbn_json_endpoint\/wp\/v2\/media?parent=4539"}],"wp:term":[{"taxonomy":"category","embeddable":true,"href":"https:\/\/archiwum.jedwabno.pl\/jdbn_json_endpoint\/wp\/v2\/categories?post=4539"},{"taxonomy":"post_tag","embeddable":true,"href":"https:\/\/archiwum.jedwabno.pl\/jdbn_json_endpoint\/wp\/v2\/tags?post=4539"}],"curies":[{"name":"wp","href":"https:\/\/api.w.org\/{rel}","templated":true}]}}