{"id":4504,"date":"2013-02-27T06:59:39","date_gmt":"2013-02-27T06:59:39","guid":{"rendered":"https:\/\/www.jedwabno.pl\/?p=4504"},"modified":"2013-02-27T06:59:39","modified_gmt":"2013-02-27T06:59:39","slug":"karnawal-w-szuci-02-02-2013-rok","status":"publish","type":"post","link":"https:\/\/archiwum.jedwabno.pl\/4504\/karnawal-w-szuci-02-02-2013-rok","title":{"rendered":"Karnawa\u0142 w Szuci 02.02.2013 rok"},"content":{"rendered":"<p>W tym roku Karnawa\u0142 zago\u015bci\u0142 na dobre w Szuci.\u00a0 Zabawa zacz\u0119\u0142a si\u0119 od ?Kuligu? w bardzo mro\u017any styczniowy dzie\u0144. By\u0142 to najd\u0142u\u017cszy kulig w dziejach wsi Szuci pod wzgl\u0119dem ilo\u015bci sanek, gdy\u017c ilo\u015b\u0107 os\u00f3b ch\u0119tnych mile zaskoczy\u0142a organizatora. Nie zabrak\u0142o oczywi\u015bcie ogniska, \u00a0wiejskiego jedzenia i pieczonych kie\u0142basek.\u00a0 Kontynuacj\u0105 karnawa\u0142u by\u0142y tzw. ?Ostatki? zorganizowane w \u015awietlicy Wiejskiej. W sobotni wiecz\u00f3r bawili si\u0119 doro\u015bli, gdzie mo\u017cna by\u0142o pos\u0142ucha\u0107 dobrej muzyki oraz\u00a0 poszale\u0107 w ta\u0144cu. By\u0142y tak\u017ce r\u00f3\u017cne konkursy i zabawy mi\u0119dzy innymi poszukiwanie ?Kopciuszka?, kt\u00f3ry nie zgubi\u0142 tradycyjnie bucika, ale swoje male\u0144kie ?reformy?. Wybrano tak\u017ce\u00a0 osoby najatrakcyjniej przebrane na ten karnawa\u0142owy wiecz\u00f3r. Natomiast w niedzielne popo\u0142udnie zaproszono do zabawy dzieci, kt\u00f3re wspaniale si\u0119 bawi\u0142y, ta\u0144czy\u0142y , \u015bpiewa\u0142y znane przeboje, bra\u0142y udzia\u0142 w r\u00f3\u017cnego rodzaju konkursach i zabawach. Wszystkie zabawy i konkursy by\u0142y nagradzanie s\u0142odyczami. Mi\u0142\u0105 niespodziank\u0119 dzieciom sprawili pa\u0144stwo Danuta i Henryk Boguccy, kt\u00f3rzy ufundowali ogromy tort karnawa\u0142owy, za co bardzo dzi\u0119kujemy. Organizatorem spotka\u0144 karnawa\u0142owych by\u0142o Stowarzyszenie Ko\u0142o Gospody\u0144 Wiejskich w Szuci, kt\u00f3re serdecznie dzi\u0119kuje tak\u017ce innym osobom wspieraj\u0105cym dzia\u0142alno\u015b\u0107 Stowarzyszenia.<\/p>\n<p>&nbsp;<\/p>\nngg_shortcode_0_placeholder\n<p>&nbsp;<\/p>\n","protected":false},"excerpt":{"rendered":"<p>W tym roku Karnawa\u0142 zago\u015bci\u0142 na dobre w Szuci.\u00a0 Zabawa  [&#8230;]<\/p>\n","protected":false},"author":55,"featured_media":0,"comment_status":"closed","ping_status":"open","sticky":false,"template":"","format":"standard","meta":{"ngg_post_thumbnail":0,"footnotes":""},"categories":[1],"tags":[],"class_list":["post-4504","post","type-post","status-publish","format-standard","hentry","category-wiadomosci"],"_links":{"self":[{"href":"https:\/\/archiwum.jedwabno.pl\/jdbn_json_endpoint\/wp\/v2\/posts\/4504","targetHints":{"allow":["GET"]}}],"collection":[{"href":"https:\/\/archiwum.jedwabno.pl\/jdbn_json_endpoint\/wp\/v2\/posts"}],"about":[{"href":"https:\/\/archiwum.jedwabno.pl\/jdbn_json_endpoint\/wp\/v2\/types\/post"}],"author":[{"embeddable":true,"href":"https:\/\/archiwum.jedwabno.pl\/jdbn_json_endpoint\/wp\/v2\/users\/55"}],"replies":[{"embeddable":true,"href":"https:\/\/archiwum.jedwabno.pl\/jdbn_json_endpoint\/wp\/v2\/comments?post=4504"}],"version-history":[{"count":0,"href":"https:\/\/archiwum.jedwabno.pl\/jdbn_json_endpoint\/wp\/v2\/posts\/4504\/revisions"}],"wp:attachment":[{"href":"https:\/\/archiwum.jedwabno.pl\/jdbn_json_endpoint\/wp\/v2\/media?parent=4504"}],"wp:term":[{"taxonomy":"category","embeddable":true,"href":"https:\/\/archiwum.jedwabno.pl\/jdbn_json_endpoint\/wp\/v2\/categories?post=4504"},{"taxonomy":"post_tag","embeddable":true,"href":"https:\/\/archiwum.jedwabno.pl\/jdbn_json_endpoint\/wp\/v2\/tags?post=4504"}],"curies":[{"name":"wp","href":"https:\/\/api.w.org\/{rel}","templated":true}]}}