{"id":4489,"date":"2013-02-18T06:47:17","date_gmt":"2013-02-18T06:47:17","guid":{"rendered":"https:\/\/www.jedwabno.pl\/?p=4489"},"modified":"2013-02-20T08:27:48","modified_gmt":"2013-02-20T08:27:48","slug":"zmarl-ksiadz-pralat-jozef-misiak","status":"publish","type":"post","link":"https:\/\/archiwum.jedwabno.pl\/4489\/zmarl-ksiadz-pralat-jozef-misiak","title":{"rendered":"Zmar\u0142 Ksi\u0105dz Pra\u0142at J\u00f3zef Misiak"},"content":{"rendered":"<p style=\"text-align: center;\">\u015a.P.<\/p>\n<p style=\"text-align: center;\">Ksi\u0105dz Pra\u0142at J\u00f3zef Misiak<\/p>\n<p style=\"text-align: center;\">Kap\u0142an Archidiecezji Warmi\u0144skiej<\/p>\n<p style=\"text-align: center;\">ur. 18 lipca 1937 r. w P\u0142ocku-Radziwi\u0142 (diec. p\u0142ocka)<\/p>\n<p style=\"text-align: center;\">\u015bwi\u0119cenia kap\u0142a\u0144skie w Olsztynie 14 stycznia 1962 r.<\/p>\n<p style=\"text-align: center;\">zmar\u0142 15 lutego 2013 r. w Olsztynie<\/p>\n<p style=\"text-align: center;\">Wikariusz w parafiach: NSJ w Olsztynie, \u015bw. Miko\u0142aja w Elbl\u0105gu, \u015bw. Katarzyny w K\u0119trzynie.<\/p>\n<p style=\"text-align: center;\">Proboszcz w Sarnowie (1970 &#8211; 1977), w Sz\u0105bruku<\/p>\n<p style=\"text-align: center;\">(1977 &#8211; 1994) oraz w Jedwabnie (1994 &#8211; 2012).<\/p>\n<p style=\"text-align: center;\">Po przej\u015bciu na emerytur\u0119 zamieszka\u0142 w Konwikcie Kap\u0142an\u00f3w Warmi\u0144skich w Olsztynie.<\/p>\n<p style=\"text-align: center;\"><em>\u017ar\u00f3d\u0142o: http:\/\/archidiecezjawarminska.pl\/<\/em><\/p>\n<p style=\"text-align: center;\"><a href=\"https:\/\/archiwum.jedwabno.pl\/wp-content\/uploads\/2013\/02\/ks_J\u00f3zef_Misiak-modified.jpg\"><img decoding=\"async\" class=\"aligncenter size-full wp-image-4496\" alt=\"ks_J\u00f3zef_Misiak modified\" src=\"https:\/\/archiwum.jedwabno.pl\/wp-content\/uploads\/2013\/02\/ks_J\u00f3zef_Misiak-modified.jpg\" width=\"527\" height=\"800\" srcset=\"https:\/\/archiwum.jedwabno.pl\/wp-content\/uploads\/2013\/02\/ks_J\u00f3zef_Misiak-modified-197x300.jpg 197w, https:\/\/archiwum.jedwabno.pl\/wp-content\/uploads\/2013\/02\/ks_J\u00f3zef_Misiak-modified.jpg 527w\" sizes=\"(max-width: 527px) 100vw, 527px\" \/><\/a><a href=\"https:\/\/archiwum.jedwabno.pl\/wp-content\/uploads\/2013\/02\/msza14.jpg\"><img decoding=\"async\" class=\"aligncenter size-full wp-image-4497\" alt=\"msza14\" src=\"https:\/\/archiwum.jedwabno.pl\/wp-content\/uploads\/2013\/02\/msza14.jpg\" width=\"800\" height=\"600\" srcset=\"https:\/\/archiwum.jedwabno.pl\/wp-content\/uploads\/2013\/02\/msza14-300x225.jpg 300w, https:\/\/archiwum.jedwabno.pl\/wp-content\/uploads\/2013\/02\/msza14.jpg 800w\" sizes=\"(max-width: 800px) 100vw, 800px\" \/><\/a><\/p>\n","protected":false},"excerpt":{"rendered":"<p>\u015a.P. Ksi\u0105dz Pra\u0142at J\u00f3zef Misiak Kap\u0142an Archidiecezji Warmi\u0144skiej ur. 18  [&#8230;]<\/p>\n","protected":false},"author":55,"featured_media":4496,"comment_status":"closed","ping_status":"open","sticky":false,"template":"","format":"standard","meta":{"ngg_post_thumbnail":0,"footnotes":""},"categories":[1],"tags":[],"class_list":["post-4489","post","type-post","status-publish","format-standard","has-post-thumbnail","hentry","category-wiadomosci"],"_links":{"self":[{"href":"https:\/\/archiwum.jedwabno.pl\/jdbn_json_endpoint\/wp\/v2\/posts\/4489","targetHints":{"allow":["GET"]}}],"collection":[{"href":"https:\/\/archiwum.jedwabno.pl\/jdbn_json_endpoint\/wp\/v2\/posts"}],"about":[{"href":"https:\/\/archiwum.jedwabno.pl\/jdbn_json_endpoint\/wp\/v2\/types\/post"}],"author":[{"embeddable":true,"href":"https:\/\/archiwum.jedwabno.pl\/jdbn_json_endpoint\/wp\/v2\/users\/55"}],"replies":[{"embeddable":true,"href":"https:\/\/archiwum.jedwabno.pl\/jdbn_json_endpoint\/wp\/v2\/comments?post=4489"}],"version-history":[{"count":0,"href":"https:\/\/archiwum.jedwabno.pl\/jdbn_json_endpoint\/wp\/v2\/posts\/4489\/revisions"}],"wp:featuredmedia":[{"embeddable":true,"href":"https:\/\/archiwum.jedwabno.pl\/jdbn_json_endpoint\/wp\/v2\/media\/4496"}],"wp:attachment":[{"href":"https:\/\/archiwum.jedwabno.pl\/jdbn_json_endpoint\/wp\/v2\/media?parent=4489"}],"wp:term":[{"taxonomy":"category","embeddable":true,"href":"https:\/\/archiwum.jedwabno.pl\/jdbn_json_endpoint\/wp\/v2\/categories?post=4489"},{"taxonomy":"post_tag","embeddable":true,"href":"https:\/\/archiwum.jedwabno.pl\/jdbn_json_endpoint\/wp\/v2\/tags?post=4489"}],"curies":[{"name":"wp","href":"https:\/\/api.w.org\/{rel}","templated":true}]}}