{"id":4476,"date":"2013-02-14T08:31:27","date_gmt":"2013-02-14T08:31:27","guid":{"rendered":"https:\/\/www.jedwabno.pl\/?p=4476"},"modified":"2013-02-14T08:57:17","modified_gmt":"2013-02-14T08:57:17","slug":"wielbark-jedwabno-szkolenie-z-zakresu-ratownictwa-na-lodzie","status":"publish","type":"post","link":"https:\/\/archiwum.jedwabno.pl\/4476\/wielbark-jedwabno-szkolenie-z-zakresu-ratownictwa-na-lodzie","title":{"rendered":"Wielbark-Jedwabno. Szkolenie z zakresu ratownictwa na lodzie"},"content":{"rendered":"\n\t\t<style type=\"text\/css\">\n\t\t\t#gallery-1 {\n\t\t\t\tmargin: auto;\n\t\t\t}\n\t\t\t#gallery-1 .gallery-item {\n\t\t\t\tfloat: left;\n\t\t\t\tmargin-top: 10px;\n\t\t\t\ttext-align: center;\n\t\t\t\twidth: 33%;\n\t\t\t}\n\t\t\t#gallery-1 img {\n\t\t\t\tborder: 2px solid #cfcfcf;\n\t\t\t}\n\t\t\t#gallery-1 .gallery-caption {\n\t\t\t\tmargin-left: 0;\n\t\t\t}\n\t\t\t\/* see gallery_shortcode() in wp-includes\/media.php *\/\n\t\t<\/style>\n\t\t<div id='gallery-1' class='gallery galleryid-4476 gallery-columns-3 gallery-size-thumbnail'><dl class='gallery-item'>\n\t\t\t<dt class='gallery-icon landscape'>\n\t\t\t\t<a href='https:\/\/archiwum.jedwabno.pl\/wp-content\/uploads\/2013\/02\/DSC8820-e1360830410208.jpg'><img decoding=\"async\" width=\"290\" height=\"290\" src=\"https:\/\/archiwum.jedwabno.pl\/wp-content\/uploads\/2013\/02\/DSC8820-290x290.jpg\" class=\"attachment-thumbnail size-thumbnail\" alt=\"\" srcset=\"https:\/\/archiwum.jedwabno.pl\/wp-content\/uploads\/2013\/02\/DSC8820-50x50.jpg 50w, https:\/\/archiwum.jedwabno.pl\/wp-content\/uploads\/2013\/02\/DSC8820-290x290.jpg 290w\" sizes=\"(max-width: 290px) 100vw, 290px\" \/><\/a>\n\t\t\t<\/dt><\/dl><dl class='gallery-item'>\n\t\t\t<dt class='gallery-icon landscape'>\n\t\t\t\t<a href='https:\/\/archiwum.jedwabno.pl\/wp-content\/uploads\/2013\/02\/DSC8812-e1360830385198.jpg'><img decoding=\"async\" width=\"290\" height=\"290\" src=\"https:\/\/archiwum.jedwabno.pl\/wp-content\/uploads\/2013\/02\/DSC8812-290x290.jpg\" class=\"attachment-thumbnail size-thumbnail\" alt=\"\" srcset=\"https:\/\/archiwum.jedwabno.pl\/wp-content\/uploads\/2013\/02\/DSC8812-50x50.jpg 50w, https:\/\/archiwum.jedwabno.pl\/wp-content\/uploads\/2013\/02\/DSC8812-290x290.jpg 290w\" sizes=\"(max-width: 290px) 100vw, 290px\" \/><\/a>\n\t\t\t<\/dt><\/dl><dl class='gallery-item'>\n\t\t\t<dt class='gallery-icon landscape'>\n\t\t\t\t<a href='https:\/\/archiwum.jedwabno.pl\/wp-content\/uploads\/2013\/02\/DSC8809-e1360830356549.jpg'><img decoding=\"async\" width=\"290\" height=\"290\" src=\"https:\/\/archiwum.jedwabno.pl\/wp-content\/uploads\/2013\/02\/DSC8809-290x290.jpg\" class=\"attachment-thumbnail size-thumbnail\" alt=\"\" srcset=\"https:\/\/archiwum.jedwabno.pl\/wp-content\/uploads\/2013\/02\/DSC8809-50x50.jpg 50w, https:\/\/archiwum.jedwabno.pl\/wp-content\/uploads\/2013\/02\/DSC8809-290x290.jpg 290w\" sizes=\"(max-width: 290px) 100vw, 290px\" \/><\/a>\n\t\t\t<\/dt><\/dl><br style=\"clear: both\" \/><dl class='gallery-item'>\n\t\t\t<dt class='gallery-icon landscape'>\n\t\t\t\t<a href='https:\/\/archiwum.jedwabno.pl\/wp-content\/uploads\/2013\/02\/DSC8767-e1360830324370.jpg'><img decoding=\"async\" width=\"290\" height=\"290\" src=\"https:\/\/archiwum.jedwabno.pl\/wp-content\/uploads\/2013\/02\/DSC8767-290x290.jpg\" class=\"attachment-thumbnail size-thumbnail\" alt=\"\" srcset=\"https:\/\/archiwum.jedwabno.pl\/wp-content\/uploads\/2013\/02\/DSC8767-50x50.jpg 50w, https:\/\/archiwum.jedwabno.pl\/wp-content\/uploads\/2013\/02\/DSC8767-290x290.jpg 290w\" sizes=\"(max-width: 290px) 100vw, 290px\" \/><\/a>\n\t\t\t<\/dt><\/dl><dl class='gallery-item'>\n\t\t\t<dt class='gallery-icon landscape'>\n\t\t\t\t<a href='https:\/\/archiwum.jedwabno.pl\/wp-content\/uploads\/2013\/02\/DSC8726-e1360830284633.jpg'><img decoding=\"async\" width=\"290\" height=\"290\" src=\"https:\/\/archiwum.jedwabno.pl\/wp-content\/uploads\/2013\/02\/DSC8726-290x290.jpg\" class=\"attachment-thumbnail size-thumbnail\" alt=\"\" srcset=\"https:\/\/archiwum.jedwabno.pl\/wp-content\/uploads\/2013\/02\/DSC8726-50x50.jpg 50w, https:\/\/archiwum.jedwabno.pl\/wp-content\/uploads\/2013\/02\/DSC8726-290x290.jpg 290w\" sizes=\"(max-width: 290px) 100vw, 290px\" \/><\/a>\n\t\t\t<\/dt><\/dl><dl class='gallery-item'>\n\t\t\t<dt class='gallery-icon landscape'>\n\t\t\t\t<a href='https:\/\/archiwum.jedwabno.pl\/wp-content\/uploads\/2013\/02\/DSC8760-e1360824860111.jpg'><img decoding=\"async\" width=\"290\" height=\"290\" src=\"https:\/\/archiwum.jedwabno.pl\/wp-content\/uploads\/2013\/02\/DSC8760-290x290.jpg\" class=\"attachment-thumbnail size-thumbnail\" alt=\"\" srcset=\"https:\/\/archiwum.jedwabno.pl\/wp-content\/uploads\/2013\/02\/DSC8760-50x50.jpg 50w, https:\/\/archiwum.jedwabno.pl\/wp-content\/uploads\/2013\/02\/DSC8760-290x290.jpg 290w\" sizes=\"(max-width: 290px) 100vw, 290px\" \/><\/a>\n\t\t\t<\/dt><\/dl><br style=\"clear: both\" \/>\n\t\t<\/div>\n\n<p>W minion\u0105 niedziel\u0119 (10 lutego) na Jeziorze \u015awi\u0119tajno, k. Warcha\u0142 odby\u0142o si\u0119 szkolenie z zakresu ratownictwa na lodzie. W \u0107wiczeniach wzi\u0119\u0142o udzia\u0142 ponad 30 druh\u00f3w z Ochotniczych Stra\u017cy Po\u017carnych z Jedwabna i Wielbarka.<\/p>\n<p>Organizatorem szkolenia by\u0142a Fundacja Autrimpus Szczytno i OSP Jedwabno. Zaj\u0119cia praktyczne i teoretyczne prowadzili: Grzegorz Achremczyk z Fundacji Autrimpus, na co dzie\u0144 ratownik medyczny w szczycie\u0144skim pogotowiu, a tak\u017ce Zbigniew Stasi\u0142oj\u0107 z Komendy Powiatowej Pa\u0144stwowej Stra\u017cy Po\u017carnej w Szczytnie.<\/p>\n<p>&#8211; Takie spotkania musz\u0105 by\u0107 zorganizowane przede wszystkim w spos\u00f3b ciekawy? m\u00f3wi Dariusz Hodkowski, prezes Fundacji Autrimpus. ? Szczeg\u00f3lnym zainteresowaniem ciesz\u0105 si\u0119 zawsze \u0107wiczenia praktyczne. Dodatkowo pozyskana wiedza w zakresie dzia\u0142a\u0144 ratowniczych na lodzie stanie si\u0119 podstaw\u0105 podczas prowadzenia prawdziwych akcji w przysz\u0142o\u015bci. Im wi\u0119cej takich \u0107wicze\u0144, tym lepiej &#8211; dodaje.<\/p>\n<p>Zanim druhowie przyst\u0105pili do pozorowanej akcji wys\u0142uchali kr\u00f3tkiego wyk\u0142adu na temat bezpiecze\u0144stwa poruszania si\u0119 na lodzie, a tak\u017ce technik wydobywania poszkodowanych z przer\u0119bli.<\/p>\n<p>&#8211; Musicie pami\u0119ta\u0107, \u017ce najwa\u017cniejsze, aby\u015bcie podejmowali akcj\u0119 ratunkow\u0105 w spos\u00f3b przemy\u015blany i przede wszystkim dla siebie bezpieczny ? m\u00f3wi\u0142 Zbigniew Stasi\u0142oj\u0107. ? Od niedawna OSP Jedwabno ma na swoim wyposa\u017ceniu specjalistyczne sanie lodowe . Dzisiaj mamy doskona\u0142\u0105 okazj\u0119 po\u0107wiczy\u0107 ich u\u017cycie w praktyce. Co prawda l\u00f3d jest teraz gruby, ale na pewno powt\u00f3rzymy \u0107wiczenia, kiedy ociepli si\u0119, a pokrywa b\u0119dzie znacznie s\u0142absza. Akcja wtedy jest znacznie utrudniona .<\/p>\n<p>Podczas spotkania nad Jeziorem \u015awi\u0119tajno omawiano tak\u017ce zasady pomocy przedmedycznej udzielanej poszkodowanym, wyci\u0105gni\u0119tym z zimnej wody.<\/p>\n<p>&#8211; Wi\u0119kszo\u015b\u0107 fizycznych symptom\u00f3w hipotermii zale\u017cy od indywidualnej odporno\u015bci cz\u0142owieka i mo\u017ce by\u0107 niezale\u017cna od temperatury cia\u0142a ludzkiego ? t\u0142umaczy\u0142 druhom Grzegorz Achremczyk. ? Pierwszym objawem jest dr\u017cenie mi\u0119\u015bni, wywo\u0142ane obronnymi skurczami. Dzieje si\u0119 to mimo woli. Objawia si\u0119 to szczeg\u00f3lnie dr\u017ceniem r\u0105k i n\u00f3g. Drugim etapem jest zwiotczenie i\u00a0b\u00f3l mi\u0119\u015bni, apatyczno\u015b\u0107, senno\u015b\u0107. Trzecim etapem jest utrata \u015bwiadomo\u015bci oraz spowolnienie i\u00a0zanik proces\u00f3w \u017cyciowych, co w efekcie mo\u017ce doprowadzi\u0107 nawet do \u015bmierci. Osob\u0119wyci\u0105gni\u0119t\u0105 z zimnej wody nale\u017cy jak najszybciej przenie\u015b\u0107 w ciep\u0142e, os\u0142oni\u0119te od wiatru miejsce i natychmiast wezwa\u0107 pogotowie.<\/p>\n<p>\u0106wiczeniom ratowniczym nad Jeziorem \u015awi\u0119tajno przygl\u0105da\u0142 si\u0119 w\u00f3jt gminy Jedwabno Krzysztof Otulakowski.<\/p>\n<p>&#8211; Ciesz\u0119 si\u0119, \u017ce stra\u017cacy maj\u0105 okazj\u0119 sprawdzi\u0107 swoje umiej\u0119tno\u015bci w spos\u00f3b praktyczny ? m\u00f3wi w\u00f3jt Otulakowski. ? Takie spotkania doskonale s\u0142u\u017c\u0105 wymianie do\u015bwiadcze\u0144 i maj\u0105 zapewne wp\u0142yw na popraw\u0119 bezpiecze\u0144stwa mieszka\u0144c\u00f3w.<\/p>\n<p>Niedzielne spotkanie zako\u0144czono przy ognisku, przy kt\u00f3rym omawiano ewentualne b\u0142\u0119dy, kt\u00f3ry wyst\u0105pi\u0142y podczas pozorowanych akcji.<\/p>\n<p>Grzegorz Siemieniuk<br \/>\nFot. Agnieszka Cie\u015bla<\/p>\n","protected":false},"excerpt":{"rendered":"<p>W minion\u0105 niedziel\u0119 (10 lutego) na Jeziorze \u015awi\u0119tajno, k. Warcha\u0142  [&#8230;]<\/p>\n","protected":false},"author":55,"featured_media":0,"comment_status":"closed","ping_status":"open","sticky":false,"template":"","format":"standard","meta":{"ngg_post_thumbnail":0,"footnotes":""},"categories":[1],"tags":[],"class_list":["post-4476","post","type-post","status-publish","format-standard","hentry","category-wiadomosci"],"_links":{"self":[{"href":"https:\/\/archiwum.jedwabno.pl\/jdbn_json_endpoint\/wp\/v2\/posts\/4476","targetHints":{"allow":["GET"]}}],"collection":[{"href":"https:\/\/archiwum.jedwabno.pl\/jdbn_json_endpoint\/wp\/v2\/posts"}],"about":[{"href":"https:\/\/archiwum.jedwabno.pl\/jdbn_json_endpoint\/wp\/v2\/types\/post"}],"author":[{"embeddable":true,"href":"https:\/\/archiwum.jedwabno.pl\/jdbn_json_endpoint\/wp\/v2\/users\/55"}],"replies":[{"embeddable":true,"href":"https:\/\/archiwum.jedwabno.pl\/jdbn_json_endpoint\/wp\/v2\/comments?post=4476"}],"version-history":[{"count":0,"href":"https:\/\/archiwum.jedwabno.pl\/jdbn_json_endpoint\/wp\/v2\/posts\/4476\/revisions"}],"wp:attachment":[{"href":"https:\/\/archiwum.jedwabno.pl\/jdbn_json_endpoint\/wp\/v2\/media?parent=4476"}],"wp:term":[{"taxonomy":"category","embeddable":true,"href":"https:\/\/archiwum.jedwabno.pl\/jdbn_json_endpoint\/wp\/v2\/categories?post=4476"},{"taxonomy":"post_tag","embeddable":true,"href":"https:\/\/archiwum.jedwabno.pl\/jdbn_json_endpoint\/wp\/v2\/tags?post=4476"}],"curies":[{"name":"wp","href":"https:\/\/api.w.org\/{rel}","templated":true}]}}