{"id":4457,"date":"2013-02-11T09:47:38","date_gmt":"2013-02-11T09:47:38","guid":{"rendered":"https:\/\/www.jedwabno.pl\/?p=4457"},"modified":"2013-02-11T09:47:38","modified_gmt":"2013-02-11T09:47:38","slug":"podsumowanie-projektu-przedszkolnego-moj-przyjaciel-mis-08-02-2013-rok","status":"publish","type":"post","link":"https:\/\/archiwum.jedwabno.pl\/4457\/podsumowanie-projektu-przedszkolnego-moj-przyjaciel-mis-08-02-2013-rok","title":{"rendered":"Podsumowanie projektu przedszkolnego &#8222;M\u00f3j Przyjaciel Mi\u015b&#8221;, 08.02.2013 rok"},"content":{"rendered":"<p>W pi\u0105tek 08.02.2013 roku w Gminnym O\u015brodku Kultury odby\u0142o si\u0119 posumowanie projektu &#8222;M\u00f3j Przyjaciel Mi\u015b&#8221; realizowanego w Przedszkolu Samorz\u0105dowym w Jedwabnie.\u00a0Projekt realizowany by\u0142 z okazji \u015awiatowego Dnia Pluszowego Misia, a jego adresatami by\u0142y dzieci w wieku przedszkolnym i wczesnoszkolnym (klasy I ? III z Jedwabna i Nowego Dworu) oraz ich rodzice. Poprzez promocj\u0119 tego \u015bwi\u0119ta realizowane by\u0142y cele, kt\u00f3re odnosz\u0105 si\u0119 do wyr\u00f3wnywania szans edukacyjnych i kulturowych dzieci z teren\u00f3w wiejskich, propagowania zdrowego stylu \u017cycia, jak te\u017c kreowania pozytywnych zachowa\u0144 i uwra\u017cliwianie na potrzeby drugiego cz\u0142owieka. Projekt realizowany by\u0142 w okresie od 30.10.2012 do 08.02.2013r. i zawiera\u0142 wiele ciekawych form, tj. bal z okazji \u015awiatowego dnia Pluszowego Misia, konkurs plastyczny ?Mi\u015b w obrazku?, zaj\u0119cia dydaktyczno ? wychowawcze oraz zaj\u0119cia profilaktyczne z elementami socjoterapii prowadzone przez specjalist\u00f3w, zabawy integracyjne, zaj\u0119cia otwarte dla rodzic\u00f3w, zaj\u0119cia j\u0119zyka angielskiego, licytacje, wystawy, spotkania z ksi\u0105\u017ck\u0105 w bibliotece szkolnej i gminnej, wycieczk\u0119 do Teatru Lalek w Olsztynie po\u0142\u0105czon\u0105 z lekcj\u0105 teatraln\u0105, kol\u0119dowanie z misiem.<\/p>\n<p>Podczas uroczysto\u015bci podsumowuj\u0105cej ca\u0142y projekt za\u015bpiewa\u0142y Jolanta Pietruczuk i Ewa Ma\u0142\u017c. Nast\u0119pnie odby\u0142a si\u0119 prezentacja zdj\u0119\u0107 obrazuj\u0105ca dzia\u0142ania podejmowane w czasie trwania projektu oraz wr\u0119czone zosta\u0142 podzi\u0119kowania za pomoc podczas realizacji niniejszego zadania. Podzi\u0119kowania wr\u0119cza\u0142y przedszkolaki oraz pani El\u017cbieta Sochacka &#8211; Wicedyrektor Zespo\u0142u Szk\u00f3\u0142 w Jedwabnie. Koordynatorem projektu by\u0142a pani Jolanta Pietruczuk.<\/p>\n<p>&nbsp;<\/p>\nngg_shortcode_0_placeholder\n","protected":false},"excerpt":{"rendered":"<p>W pi\u0105tek 08.02.2013 roku w Gminnym O\u015brodku Kultury odby\u0142o si\u0119  [&#8230;]<\/p>\n","protected":false},"author":55,"featured_media":4461,"comment_status":"closed","ping_status":"open","sticky":false,"template":"","format":"standard","meta":{"ngg_post_thumbnail":0,"footnotes":""},"categories":[1],"tags":[],"class_list":["post-4457","post","type-post","status-publish","format-standard","has-post-thumbnail","hentry","category-wiadomosci"],"_links":{"self":[{"href":"https:\/\/archiwum.jedwabno.pl\/jdbn_json_endpoint\/wp\/v2\/posts\/4457","targetHints":{"allow":["GET"]}}],"collection":[{"href":"https:\/\/archiwum.jedwabno.pl\/jdbn_json_endpoint\/wp\/v2\/posts"}],"about":[{"href":"https:\/\/archiwum.jedwabno.pl\/jdbn_json_endpoint\/wp\/v2\/types\/post"}],"author":[{"embeddable":true,"href":"https:\/\/archiwum.jedwabno.pl\/jdbn_json_endpoint\/wp\/v2\/users\/55"}],"replies":[{"embeddable":true,"href":"https:\/\/archiwum.jedwabno.pl\/jdbn_json_endpoint\/wp\/v2\/comments?post=4457"}],"version-history":[{"count":0,"href":"https:\/\/archiwum.jedwabno.pl\/jdbn_json_endpoint\/wp\/v2\/posts\/4457\/revisions"}],"wp:featuredmedia":[{"embeddable":true,"href":"https:\/\/archiwum.jedwabno.pl\/jdbn_json_endpoint\/wp\/v2\/media\/4461"}],"wp:attachment":[{"href":"https:\/\/archiwum.jedwabno.pl\/jdbn_json_endpoint\/wp\/v2\/media?parent=4457"}],"wp:term":[{"taxonomy":"category","embeddable":true,"href":"https:\/\/archiwum.jedwabno.pl\/jdbn_json_endpoint\/wp\/v2\/categories?post=4457"},{"taxonomy":"post_tag","embeddable":true,"href":"https:\/\/archiwum.jedwabno.pl\/jdbn_json_endpoint\/wp\/v2\/tags?post=4457"}],"curies":[{"name":"wp","href":"https:\/\/api.w.org\/{rel}","templated":true}]}}