{"id":4449,"date":"2013-02-07T07:46:41","date_gmt":"2013-02-07T07:46:41","guid":{"rendered":"https:\/\/www.jedwabno.pl\/?p=4449"},"modified":"2013-02-07T07:47:21","modified_gmt":"2013-02-07T07:47:21","slug":"zebranie-soleckie-w-jedwabnie-12-02-2013-godzina-1800","status":"publish","type":"post","link":"https:\/\/archiwum.jedwabno.pl\/4449\/zebranie-soleckie-w-jedwabnie-12-02-2013-godzina-1800","title":{"rendered":"Zebranie so\u0142eckie w Jedwabnie 12.02.2013 godzina 18:00"},"content":{"rendered":"<p style=\"text-align: left;\" align=\"CENTER\">Serdecznie zapraszamy mieszka\u0144c\u00f3w wsi na zebranie so\u0142eckie w Jedwabnie, kt\u00f3re odb\u0119dzie si\u0119 we wtorek\u00a012 lutego 2013 roku o godzinie 18:00\u00a0w sali kinowej Gminnego O\u015brodka Kultury w Jedwabnie, w sprawie statutu so\u0142eckiego.<\/p>\n<p style=\"text-align: left;\" align=\"CENTER\">\n<p>&nbsp;<\/p>\n<p style=\"text-align: right;\" align=\"CENTER\">So\u0142tys so\u0142ectwa Jedwabno<\/p>\n<p style=\"text-align: right;\" align=\"CENTER\">Jerzy Adamiak<\/p>\n<p style=\"text-align: right;\" align=\"CENTER\">i Rada So\u0142ecka<\/p>\n","protected":false},"excerpt":{"rendered":"<p>Serdecznie zapraszamy mieszka\u0144c\u00f3w wsi na zebranie so\u0142eckie w Jedwabnie, kt\u00f3re  [&#8230;]<\/p>\n","protected":false},"author":55,"featured_media":0,"comment_status":"closed","ping_status":"open","sticky":false,"template":"","format":"standard","meta":{"ngg_post_thumbnail":0,"footnotes":""},"categories":[1],"tags":[],"class_list":["post-4449","post","type-post","status-publish","format-standard","hentry","category-wiadomosci"],"_links":{"self":[{"href":"https:\/\/archiwum.jedwabno.pl\/jdbn_json_endpoint\/wp\/v2\/posts\/4449","targetHints":{"allow":["GET"]}}],"collection":[{"href":"https:\/\/archiwum.jedwabno.pl\/jdbn_json_endpoint\/wp\/v2\/posts"}],"about":[{"href":"https:\/\/archiwum.jedwabno.pl\/jdbn_json_endpoint\/wp\/v2\/types\/post"}],"author":[{"embeddable":true,"href":"https:\/\/archiwum.jedwabno.pl\/jdbn_json_endpoint\/wp\/v2\/users\/55"}],"replies":[{"embeddable":true,"href":"https:\/\/archiwum.jedwabno.pl\/jdbn_json_endpoint\/wp\/v2\/comments?post=4449"}],"version-history":[{"count":0,"href":"https:\/\/archiwum.jedwabno.pl\/jdbn_json_endpoint\/wp\/v2\/posts\/4449\/revisions"}],"wp:attachment":[{"href":"https:\/\/archiwum.jedwabno.pl\/jdbn_json_endpoint\/wp\/v2\/media?parent=4449"}],"wp:term":[{"taxonomy":"category","embeddable":true,"href":"https:\/\/archiwum.jedwabno.pl\/jdbn_json_endpoint\/wp\/v2\/categories?post=4449"},{"taxonomy":"post_tag","embeddable":true,"href":"https:\/\/archiwum.jedwabno.pl\/jdbn_json_endpoint\/wp\/v2\/tags?post=4449"}],"curies":[{"name":"wp","href":"https:\/\/api.w.org\/{rel}","templated":true}]}}