{"id":4437,"date":"2013-02-05T07:38:57","date_gmt":"2013-02-05T07:38:57","guid":{"rendered":"https:\/\/www.jedwabno.pl\/?p=4437"},"modified":"2013-02-05T07:38:57","modified_gmt":"2013-02-05T07:38:57","slug":"ferie-zimowe-2013-w-gminnym-osrodku-kultury-w-jedwabnie","status":"publish","type":"post","link":"https:\/\/archiwum.jedwabno.pl\/4437\/ferie-zimowe-2013-w-gminnym-osrodku-kultury-w-jedwabnie","title":{"rendered":"Ferie zimowe 2013 w Gminnym O\u015brodku Kultury w Jedwabnie"},"content":{"rendered":"<p>Gminny O\u015brodek Kultury w drugi tydzie\u0144 ferii zimowych zaoferowa\u0142 dzieciom wiele atrakcji. W poniedzia\u0142ek odby\u0142y si\u0119 warsztaty ta\u0144ca BREAKDANCE i ELEKTRO, kt\u00f3re poprowadzi\u0142 Tomasz Bielski oraz zaj\u0119cia muzyczne. Wtorek przebiega\u0142 w duchu sportowej rywalizacji. W Turnieju Tenisa Sto\u0142owego, rywalizowali zawodnicy w dw\u00f3ch kategoriach wiekowych M\u0142odzik i Senior. Na pierwszym miejscu w kategorii M\u0142odzik uplasowa\u0142 si\u0119 Patryk Kowalczyk, II miejsce zaj\u0105\u0142 Aleksander Sojak, natomiast III Jakub Nowosielski. W kategorii Senior I miejsce zaj\u0105\u0142 Leszek Kowalczyk, II miejsce Marcin Zapadka, III miejsce Sylwester \u0141achacz. Tego dnia odby\u0142y si\u0119 tak\u017ce warsztaty plastyczne o tematyce &#8222;Kompozycja sznurkowa z papieru&#8221; poprowadzone przez Joann\u0119 Wi\u015bniewsk\u0105. Najbardziej wyczekiwanym \u00a0przez dzieci dniem by\u0142a \u015broda, tego w\u0142a\u015bnie dnia odby\u0142a si\u0119 wycieczka do Centrum Zabaw &#8222;Figlolandia&#8221; w Olsztynie. Nast\u0119pnie odby\u0142 si\u0119 w GOK-u miniturniej Taekwondo w walkach Kalaki, kt\u00f3ry poprowadzi\u0142 Bartosz Zab\u0142otny. W czwartek do GOK-u przyjecha\u0142a Pani Agata Koziej i poprowadzi\u0142a warsztaty Teatru Ognia. Natomiast w pi\u0105tek odby\u0142 si\u0119 Bal karnawa\u0142owy, podczas kt\u00f3rego wyst\u0105pi\u0142 Teatr Form Niezale\u017cnych Korzunowicz \u00a0&#8222;Bajadurka&#8221;.<\/p>\n<p>&nbsp;<\/p>\nngg_shortcode_0_placeholder\n","protected":false},"excerpt":{"rendered":"<p>Gminny O\u015brodek Kultury w drugi tydzie\u0144 ferii zimowych zaoferowa\u0142 dzieciom  [&#8230;]<\/p>\n","protected":false},"author":55,"featured_media":4442,"comment_status":"closed","ping_status":"open","sticky":false,"template":"","format":"standard","meta":{"ngg_post_thumbnail":0,"footnotes":""},"categories":[1],"tags":[],"class_list":["post-4437","post","type-post","status-publish","format-standard","has-post-thumbnail","hentry","category-wiadomosci"],"_links":{"self":[{"href":"https:\/\/archiwum.jedwabno.pl\/jdbn_json_endpoint\/wp\/v2\/posts\/4437","targetHints":{"allow":["GET"]}}],"collection":[{"href":"https:\/\/archiwum.jedwabno.pl\/jdbn_json_endpoint\/wp\/v2\/posts"}],"about":[{"href":"https:\/\/archiwum.jedwabno.pl\/jdbn_json_endpoint\/wp\/v2\/types\/post"}],"author":[{"embeddable":true,"href":"https:\/\/archiwum.jedwabno.pl\/jdbn_json_endpoint\/wp\/v2\/users\/55"}],"replies":[{"embeddable":true,"href":"https:\/\/archiwum.jedwabno.pl\/jdbn_json_endpoint\/wp\/v2\/comments?post=4437"}],"version-history":[{"count":0,"href":"https:\/\/archiwum.jedwabno.pl\/jdbn_json_endpoint\/wp\/v2\/posts\/4437\/revisions"}],"wp:featuredmedia":[{"embeddable":true,"href":"https:\/\/archiwum.jedwabno.pl\/jdbn_json_endpoint\/wp\/v2\/media\/4442"}],"wp:attachment":[{"href":"https:\/\/archiwum.jedwabno.pl\/jdbn_json_endpoint\/wp\/v2\/media?parent=4437"}],"wp:term":[{"taxonomy":"category","embeddable":true,"href":"https:\/\/archiwum.jedwabno.pl\/jdbn_json_endpoint\/wp\/v2\/categories?post=4437"},{"taxonomy":"post_tag","embeddable":true,"href":"https:\/\/archiwum.jedwabno.pl\/jdbn_json_endpoint\/wp\/v2\/tags?post=4437"}],"curies":[{"name":"wp","href":"https:\/\/api.w.org\/{rel}","templated":true}]}}