{"id":4418,"date":"2013-02-04T07:50:24","date_gmt":"2013-02-04T07:50:24","guid":{"rendered":"https:\/\/www.jedwabno.pl\/?p=4418"},"modified":"2013-02-04T07:50:24","modified_gmt":"2013-02-04T07:50:24","slug":"dzien-babci-i-dziadka-w-goku-25-01-2013","status":"publish","type":"post","link":"https:\/\/archiwum.jedwabno.pl\/4418\/dzien-babci-i-dziadka-w-goku-25-01-2013","title":{"rendered":"Dzie\u0144 Babci i Dziadka w GOKu, 25.01.2013"},"content":{"rendered":"<p>Dnia 25.01.2013 roku w Gminnym O\u015brodku Kultury w Jedwabnie odby\u0142y si\u0119 obchody Dnia Babci i Dziadka. Dla licznie przyby\u0142ych Senior\u00f3w powsta\u0142 wyj\u0105tkowy program uroczysto\u015bci. Swoj\u0105 laurk\u0119 w postaci wierszyk\u00f3w, piosenek i ta\u0144c\u00f3w dla zgromadzonych Babci i Dziadk\u00f3w podarowa\u0142y przedszkolaki, grupa wokalna z GOKu (Arleta Gnoza i Aleksandra Gromek) oraz grupa ucz\u0119szczaj\u0105ca na warsztaty teatralne. \u00a0Doznania estetyczne umila\u0142 s\u0142odki pocz\u0119stunek.<\/p>\n<p>&nbsp;<\/p>\nngg_shortcode_0_placeholder\n","protected":false},"excerpt":{"rendered":"<p>Dnia 25.01.2013 roku w Gminnym O\u015brodku Kultury w Jedwabnie odby\u0142y  [&#8230;]<\/p>\n","protected":false},"author":55,"featured_media":4420,"comment_status":"closed","ping_status":"open","sticky":false,"template":"","format":"standard","meta":{"ngg_post_thumbnail":0,"footnotes":""},"categories":[1],"tags":[],"class_list":["post-4418","post","type-post","status-publish","format-standard","has-post-thumbnail","hentry","category-wiadomosci"],"_links":{"self":[{"href":"https:\/\/archiwum.jedwabno.pl\/jdbn_json_endpoint\/wp\/v2\/posts\/4418","targetHints":{"allow":["GET"]}}],"collection":[{"href":"https:\/\/archiwum.jedwabno.pl\/jdbn_json_endpoint\/wp\/v2\/posts"}],"about":[{"href":"https:\/\/archiwum.jedwabno.pl\/jdbn_json_endpoint\/wp\/v2\/types\/post"}],"author":[{"embeddable":true,"href":"https:\/\/archiwum.jedwabno.pl\/jdbn_json_endpoint\/wp\/v2\/users\/55"}],"replies":[{"embeddable":true,"href":"https:\/\/archiwum.jedwabno.pl\/jdbn_json_endpoint\/wp\/v2\/comments?post=4418"}],"version-history":[{"count":0,"href":"https:\/\/archiwum.jedwabno.pl\/jdbn_json_endpoint\/wp\/v2\/posts\/4418\/revisions"}],"wp:featuredmedia":[{"embeddable":true,"href":"https:\/\/archiwum.jedwabno.pl\/jdbn_json_endpoint\/wp\/v2\/media\/4420"}],"wp:attachment":[{"href":"https:\/\/archiwum.jedwabno.pl\/jdbn_json_endpoint\/wp\/v2\/media?parent=4418"}],"wp:term":[{"taxonomy":"category","embeddable":true,"href":"https:\/\/archiwum.jedwabno.pl\/jdbn_json_endpoint\/wp\/v2\/categories?post=4418"},{"taxonomy":"post_tag","embeddable":true,"href":"https:\/\/archiwum.jedwabno.pl\/jdbn_json_endpoint\/wp\/v2\/tags?post=4418"}],"curies":[{"name":"wp","href":"https:\/\/api.w.org\/{rel}","templated":true}]}}