{"id":4413,"date":"2013-02-01T06:48:32","date_gmt":"2013-02-01T06:48:32","guid":{"rendered":"https:\/\/www.jedwabno.pl\/?p=4413"},"modified":"2013-02-01T06:48:32","modified_gmt":"2013-02-01T06:48:32","slug":"wmarr-s-a-projekt-podniesienie-poziomu-wiedzy-i-swiadomosci-ekologicznej-przedsiebiorcow-prowadzacych-dzialalnosc-gospodarcza-na-obszarach-natura-2000","status":"publish","type":"post","link":"https:\/\/archiwum.jedwabno.pl\/4413\/wmarr-s-a-projekt-podniesienie-poziomu-wiedzy-i-swiadomosci-ekologicznej-przedsiebiorcow-prowadzacych-dzialalnosc-gospodarcza-na-obszarach-natura-2000","title":{"rendered":"WMARR S.A. projekt &#8211; podniesienie poziomu wiedzy i \u015bwiadomo\u015bci ekologicznej przedsi\u0119biorc\u00f3w prowadz\u0105cych dzia\u0142alno\u015b\u0107 gospodarcz\u0105 na obszarach Natura 2000"},"content":{"rendered":"<p align=\"JUSTIFY\"><span style=\"font-size: medium;\">Warmi\u0144sko-Mazurska Agencja Rozwoju Regionalnego S.A. w Olsztynie zosta\u0142a laureatem konkursu og\u0142oszonego przez Generaln\u0105 Dyrekcj\u0119 Ochrony \u015arodowiska ?Natura i gospodarka ? podstawy dialogu?.<\/span><\/p>\n<p align=\"JUSTIFY\"><span style=\"font-size: medium;\">Celem strategicznym projektu jest podniesienie poziomu wiedzy i \u015bwiadomo\u015bci ekologicznej przedsi\u0119biorc\u00f3w prowadz\u0105cych dzia\u0142alno\u015b\u0107 gospodarcz\u0105 na obszarach Natura 2000. <\/span><\/p>\n<p align=\"JUSTIFY\"><span style=\"font-size: medium;\">Projekt jest adresowany do przedsi\u0119biorc\u00f3w prowadz\u0105cych lub zainteresowanych dzia\u0142alno\u015bci\u0105 gospodarcz\u0105 na obszarach cennych przyrodniczo szczeg\u00f3lnie Natura 2000. <\/span><\/p>\n<p align=\"JUSTIFY\"><span style=\"font-size: medium;\">Jednym z cel\u00f3w g\u0142\u00f3wnych jest stworzenie lokalnych ?Partnerstw Naturowych?, w sk\u0142ad kt\u00f3rych wejd\u0105 Warmi\u0144sko-Mazurska Agencja Rozwoju Regionalnego S.A. w Olsztynie ? LIDER- laureat konkursu, przedsi\u0119biorcy z wojew\u00f3dztwa warmi\u0144sko-mazurskiego prowadz\u0105cy dzia\u0142alno\u015b\u0107 gospodarcz\u0105 w obszarach cennych przyrodniczo oraz przedstawiciele lokalnych samorz\u0105d\u00f3w. <\/span><\/p>\n<p align=\"JUSTIFY\"><span style=\"font-size: medium;\">W ramach stworzonych partnerstw odb\u0119d\u0105 si\u0119 4 spotkania informacyjno-warsztatowe. <\/span><\/p>\n<p align=\"JUSTIFY\"><span style=\"font-size: medium;\">Organizatorem, wsp\u00f3\u0142prowadz\u0105cym i sponsorem spotka\u0144 b\u0119dzie Lider Partnerstwa.<\/span><\/p>\n<p align=\"JUSTIFY\"><span style=\"font-size: medium;\">Zaproszeni przedsi\u0119biorcy zostan\u0105 zapoznani z mo\u017cliwo\u015bci\u0105 stworzenia nowej us\u0142ugi \u015bwiadczonej przez Lidera w zakresie prowadzenia dzia\u0142alno\u015bci gospodarczej na obszarach cennych przyrodniczo. <\/span><\/p>\n<p align=\"JUSTIFY\"><span style=\"font-size: medium;\">W ramach cz\u0119\u015bci warsztatowej spotkania, w oparciu o zg\u0142oszone potrzeby i problemy z jakimi spotykaj\u0105 si\u0119 przedsi\u0119biorcy, zostan\u0105 wypracowane sposoby wsparcia prowadzonej dzia\u0142alno\u015bci gospodarczej na obszarach Natura 2000. <\/span><\/p>\n<p align=\"JUSTIFY\"><span style=\"font-size: medium;\">Wypracowany model zostanie przedstawiony do Generalnej Dyrekcji Ochrony \u015arodowiska, wraz z rekomendacj\u0105 ich \u015bwiadczenia oraz finansowania ze \u015brodk\u00f3w Unii Europejskiej oraz Bud\u017cetu Pa\u0144stwa. <\/span><\/p>\n<p align=\"JUSTIFY\"><span style=\"font-size: medium;\">To jedna z niewielu okazji do bezpo\u015bredniego przedstawienia potrzeb przedsi\u0119biorc\u00f3w i dostosowania ich do realnych problem\u00f3w.<\/span><\/p>\n<p align=\"JUSTIFY\"><span style=\"font-size: medium;\">Zapraszamy do udzia\u0142u podmioty gospodarcze jak te\u017c i instytucje dzia\u0142aj\u0105ce na rzecz ochrony \u015brodowiska naturalnego.<\/span><\/p>\n<p align=\"JUSTIFY\"><span style=\"font-size: medium;\">Informacje o szczeg\u00f3\u0142ach projektu oraz warunkach uczestnictwa prosimy kierowa\u0107 do koordynatora Projektu Pani Marioli Stefaniak tel. (089) 521 12 53<\/span><\/p>\n","protected":false},"excerpt":{"rendered":"<p>Warmi\u0144sko-Mazurska Agencja Rozwoju Regionalnego S.A. w Olsztynie zosta\u0142a laureatem konkursu  [&#8230;]<\/p>\n","protected":false},"author":55,"featured_media":0,"comment_status":"closed","ping_status":"open","sticky":false,"template":"","format":"standard","meta":{"ngg_post_thumbnail":0,"footnotes":""},"categories":[1],"tags":[],"class_list":["post-4413","post","type-post","status-publish","format-standard","hentry","category-wiadomosci"],"_links":{"self":[{"href":"https:\/\/archiwum.jedwabno.pl\/jdbn_json_endpoint\/wp\/v2\/posts\/4413","targetHints":{"allow":["GET"]}}],"collection":[{"href":"https:\/\/archiwum.jedwabno.pl\/jdbn_json_endpoint\/wp\/v2\/posts"}],"about":[{"href":"https:\/\/archiwum.jedwabno.pl\/jdbn_json_endpoint\/wp\/v2\/types\/post"}],"author":[{"embeddable":true,"href":"https:\/\/archiwum.jedwabno.pl\/jdbn_json_endpoint\/wp\/v2\/users\/55"}],"replies":[{"embeddable":true,"href":"https:\/\/archiwum.jedwabno.pl\/jdbn_json_endpoint\/wp\/v2\/comments?post=4413"}],"version-history":[{"count":0,"href":"https:\/\/archiwum.jedwabno.pl\/jdbn_json_endpoint\/wp\/v2\/posts\/4413\/revisions"}],"wp:attachment":[{"href":"https:\/\/archiwum.jedwabno.pl\/jdbn_json_endpoint\/wp\/v2\/media?parent=4413"}],"wp:term":[{"taxonomy":"category","embeddable":true,"href":"https:\/\/archiwum.jedwabno.pl\/jdbn_json_endpoint\/wp\/v2\/categories?post=4413"},{"taxonomy":"post_tag","embeddable":true,"href":"https:\/\/archiwum.jedwabno.pl\/jdbn_json_endpoint\/wp\/v2\/tags?post=4413"}],"curies":[{"name":"wp","href":"https:\/\/api.w.org\/{rel}","templated":true}]}}