{"id":4294,"date":"2012-12-31T13:31:52","date_gmt":"2012-12-31T13:31:52","guid":{"rendered":"https:\/\/www.jedwabno.pl\/?p=4294"},"modified":"2013-01-02T08:21:34","modified_gmt":"2013-01-02T08:21:34","slug":"gala-dobroczynnosci-w-nidzicy","status":"publish","type":"post","link":"https:\/\/archiwum.jedwabno.pl\/4294\/gala-dobroczynnosci-w-nidzicy","title":{"rendered":"Gala dobroczynno\u015bci w Nidzicy"},"content":{"rendered":"<p align=\"JUSTIFY\">W dniu 6 grudnia 2012 odby\u0142a si\u0119 w nidzickim zamku Gala Dobroczynno\u015bci, w kt\u00f3rej udzia\u0142 wzi\u0119li r\u00f3wnie\u017c przedstawiciele Stowarzyszenia Kulturalnego TANECZNIK w Jedwabnie: Miros\u0142aw \u0141achacz Prezes, Krystyna Olszewska Skarbnik oraz Jolanta Dr\u0119\u017cek cz\u0142onek stowarzyszenia i przedstawiciel Urz\u0119du Gminy w Jedwabnie.<\/p>\n<p align=\"JUSTIFY\">Organizatorami wydarzenia byli: Nidzicki Fundusz Lokalny, Kapitu\u0142a konkursu ?Dobroczy\u0144ca Roku? i ?Wolontariusz Roku? oraz Nidzicki Klub Biznesu.<\/p>\n<p align=\"JUSTIFY\">Wyk\u0142ad nt. budowania dobra wsp\u00f3lnego wyg\u0142osi\u0142 Tomasz Schimanek ? ekspert Akademii Rozwoju Filantropii w Polsce.<\/p>\n<p align=\"JUSTIFY\">Podczas gali przygotowano wystaw\u0119 projekt\u00f3w realizowanych w ramach Programu DZIA\u0141AJ LOKALNIE &#8211; Polsko Ameryka\u0144skiej Fundacji Wolno\u015bci , Akademii Rozwoju Filantropii we wsp\u00f3\u0142pracy z Nidzickim Funduszem Lokalnym. Jeden z tych projekt\u00f3w zrealizowa\u0142o stowarzyszenie TANECZNIK (? Poznaj sw\u00f3j region ta\u0144cem ludowym?)<\/p>\n<p align=\"JUSTIFY\">Podczas gali zosta\u0142y wr\u0119czone statuetki w kategorii ?Darczy\u0144ca Roku? oraz ?Wolontariusz Roku?<\/p>\n<p align=\"JUSTIFY\">W tym roku przyznano 3 statuetki specjalne dla os\u00f3b i firm spoza powiatu nidzickiego, kt\u00f3re swoimi dzia\u0142aniami przyczyniaj\u0105 si\u0119 do rozwoju inicjatyw obywatelskich oraz wnosz\u0105 trwa\u0142y wk\u0142ad w rozw\u00f3j lokalny powiatu nidzickiego.<\/p>\n<p align=\"JUSTIFY\">?STATUETKI SPECJALNE? otrzymali:<\/p>\n<p align=\"JUSTIFY\">PROF.LESZEK BALCEROWICZ<\/p>\n<p align=\"JUSTIFY\">SABRI BEKDAS<\/p>\n<p align=\"JUSTIFY\">HENRYK TUSZY\u0143SKI<\/p>\n<p align=\"JUSTIFY\">Po cz\u0119\u015bci oficjalnej uroczysto\u015bci go\u015b\u0107 specjalny prof. Leszek Balcerowicz sk\u0142ada\u0142 autografy na ksi\u0105\u017cce swojego autorstwa pod tytu\u0142em ?Odkrywaj\u0105c wolno\u015b\u0107. Przeciw zniewoleniu umys\u0142\u00f3w?<\/p>\n<p align=\"JUSTIFY\">My r\u00f3wnie\u017c mogli\u015bmy naby\u0107 ksi\u0105\u017ck\u0119 i chwil\u0119 porozmawia\u0107 z Panem profesorem.<\/p>\n<p style=\"text-align: right;\" align=\"JUSTIFY\">SK TANECZNIK<\/p>\nngg_shortcode_0_placeholder\n","protected":false},"excerpt":{"rendered":"<p>W dniu 6 grudnia 2012 odby\u0142a si\u0119 w nidzickim zamku  [&#8230;]<\/p>\n","protected":false},"author":55,"featured_media":4297,"comment_status":"closed","ping_status":"open","sticky":false,"template":"","format":"standard","meta":{"ngg_post_thumbnail":0,"footnotes":""},"categories":[1],"tags":[],"class_list":["post-4294","post","type-post","status-publish","format-standard","has-post-thumbnail","hentry","category-wiadomosci"],"_links":{"self":[{"href":"https:\/\/archiwum.jedwabno.pl\/jdbn_json_endpoint\/wp\/v2\/posts\/4294","targetHints":{"allow":["GET"]}}],"collection":[{"href":"https:\/\/archiwum.jedwabno.pl\/jdbn_json_endpoint\/wp\/v2\/posts"}],"about":[{"href":"https:\/\/archiwum.jedwabno.pl\/jdbn_json_endpoint\/wp\/v2\/types\/post"}],"author":[{"embeddable":true,"href":"https:\/\/archiwum.jedwabno.pl\/jdbn_json_endpoint\/wp\/v2\/users\/55"}],"replies":[{"embeddable":true,"href":"https:\/\/archiwum.jedwabno.pl\/jdbn_json_endpoint\/wp\/v2\/comments?post=4294"}],"version-history":[{"count":0,"href":"https:\/\/archiwum.jedwabno.pl\/jdbn_json_endpoint\/wp\/v2\/posts\/4294\/revisions"}],"wp:featuredmedia":[{"embeddable":true,"href":"https:\/\/archiwum.jedwabno.pl\/jdbn_json_endpoint\/wp\/v2\/media\/4297"}],"wp:attachment":[{"href":"https:\/\/archiwum.jedwabno.pl\/jdbn_json_endpoint\/wp\/v2\/media?parent=4294"}],"wp:term":[{"taxonomy":"category","embeddable":true,"href":"https:\/\/archiwum.jedwabno.pl\/jdbn_json_endpoint\/wp\/v2\/categories?post=4294"},{"taxonomy":"post_tag","embeddable":true,"href":"https:\/\/archiwum.jedwabno.pl\/jdbn_json_endpoint\/wp\/v2\/tags?post=4294"}],"curies":[{"name":"wp","href":"https:\/\/api.w.org\/{rel}","templated":true}]}}