{"id":4270,"date":"2012-12-28T10:44:44","date_gmt":"2012-12-28T10:44:44","guid":{"rendered":"https:\/\/www.jedwabno.pl\/?p=4270"},"modified":"2012-12-28T10:44:44","modified_gmt":"2012-12-28T10:44:44","slug":"jaselka-w-szuci-23-12-2012-rok","status":"publish","type":"post","link":"https:\/\/archiwum.jedwabno.pl\/4270\/jaselka-w-szuci-23-12-2012-rok","title":{"rendered":"Jase\u0142ka w Szuci, 23.12.2012 rok"},"content":{"rendered":"<p>W dniu 23 grudnia 2012 r. w \u015awietlicy Wiejskiej w Szuci odby\u0142y si\u0119 ?Jase\u0142ka?,\u00a0 na kt\u00f3re przybyli licznie mieszka\u0144cy Szuci i zaproszeni\u00a0 go\u015bcie. W ten szczeg\u00f3lny czas byli z Nami tak\u017ce: Proboszcz ks. pra\u0142. Roman Lompa i W\u00f3jt Gminy Jedwabno Krzysztof Otulakowski. W przedstawieniu wyst\u0105pi\u0142y dzieci i m\u0142odzie\u017c z Szuci. Nie oby\u0142o si\u0119 r\u00f3wnie\u017c bez niespodzianki, \u00a0Ks. Proboszcz zadzwoni\u0142 do \u015aw. Miko\u0142aja, kt\u00f3ry natychmiast przyby\u0142 \u00a0i wr\u0119czy\u0142 wyst\u0119puj\u0105cym dzieciom i m\u0142odzie\u017cy specjalne podarunki. Pozostali uczestnicy Jase\u0142ek, dzieci, m\u0142odzie\u017c oraz osoby starsze, tak\u017ce\u00a0 otrzymali \u00a0podarunki w postaci s\u0142odyczy. Nie zabrak\u0142o r\u00f3wnie\u017c Serdecznych Podzi\u0119kowa\u0144\u00a0 i\u00a0 \u017bycze\u0144\u00a0 \u015awi\u0105tecznych od\u00a0 Ks. Proboszcza, W\u00f3jta Gminy oraz od Stowarzyszenia Ko\u0142a Gospody\u0144 Wiejskich w Szuci, kt\u00f3re zorganizowa\u0142o ?Jase\u0142ka?.<\/p>\n<p>&nbsp;<\/p>\nngg_shortcode_0_placeholder\n","protected":false},"excerpt":{"rendered":"<p>W dniu 23 grudnia 2012 r. w \u015awietlicy Wiejskiej w  [&#8230;]<\/p>\n","protected":false},"author":55,"featured_media":4272,"comment_status":"closed","ping_status":"open","sticky":false,"template":"","format":"standard","meta":{"ngg_post_thumbnail":0,"footnotes":""},"categories":[1],"tags":[],"class_list":["post-4270","post","type-post","status-publish","format-standard","has-post-thumbnail","hentry","category-wiadomosci"],"_links":{"self":[{"href":"https:\/\/archiwum.jedwabno.pl\/jdbn_json_endpoint\/wp\/v2\/posts\/4270","targetHints":{"allow":["GET"]}}],"collection":[{"href":"https:\/\/archiwum.jedwabno.pl\/jdbn_json_endpoint\/wp\/v2\/posts"}],"about":[{"href":"https:\/\/archiwum.jedwabno.pl\/jdbn_json_endpoint\/wp\/v2\/types\/post"}],"author":[{"embeddable":true,"href":"https:\/\/archiwum.jedwabno.pl\/jdbn_json_endpoint\/wp\/v2\/users\/55"}],"replies":[{"embeddable":true,"href":"https:\/\/archiwum.jedwabno.pl\/jdbn_json_endpoint\/wp\/v2\/comments?post=4270"}],"version-history":[{"count":0,"href":"https:\/\/archiwum.jedwabno.pl\/jdbn_json_endpoint\/wp\/v2\/posts\/4270\/revisions"}],"wp:featuredmedia":[{"embeddable":true,"href":"https:\/\/archiwum.jedwabno.pl\/jdbn_json_endpoint\/wp\/v2\/media\/4272"}],"wp:attachment":[{"href":"https:\/\/archiwum.jedwabno.pl\/jdbn_json_endpoint\/wp\/v2\/media?parent=4270"}],"wp:term":[{"taxonomy":"category","embeddable":true,"href":"https:\/\/archiwum.jedwabno.pl\/jdbn_json_endpoint\/wp\/v2\/categories?post=4270"},{"taxonomy":"post_tag","embeddable":true,"href":"https:\/\/archiwum.jedwabno.pl\/jdbn_json_endpoint\/wp\/v2\/tags?post=4270"}],"curies":[{"name":"wp","href":"https:\/\/api.w.org\/{rel}","templated":true}]}}