{"id":4250,"date":"2012-12-24T11:31:00","date_gmt":"2012-12-24T11:31:00","guid":{"rendered":"https:\/\/www.jedwabno.pl\/?p=4250"},"modified":"2012-12-24T11:31:00","modified_gmt":"2012-12-24T11:31:00","slug":"wieczor-wigilijny-w-goku-22-12-2012-rok","status":"publish","type":"post","link":"https:\/\/archiwum.jedwabno.pl\/4250\/wieczor-wigilijny-w-goku-22-12-2012-rok","title":{"rendered":"Wiecz\u00f3r Wigilijny w GOKu, 22.12.2012 rok"},"content":{"rendered":"<p>Dnia 22.12.2012 roku w Gminnym O\u015brodku Kultury odby\u0142 si\u0119 Wiecz\u00f3r Wigilijny dla mieszka\u0144c\u00f3w Gminy Jedwabno.\u00a0Wszyscy przybyli go\u015bcie mogli obejrze\u0107 przygotowane przez ko\u0142o teatralne dzia\u0142aj\u0105ce w Gminnym O\u015brodku Kultury &#8222;Bajkowe Jase\u0142ka&#8221;.\u00a0 Wiecz\u00f3r Wigilijny rozpocz\u0105\u0142 Ksi\u0105dz Proboszcz modlitw\u0105, nast\u0119pnie wszyscy obecni podzielili si\u0119 op\u0142atkiem, kt\u00f3ry rozdawa\u0142, jednocze\u015bnie sk\u0142adaj\u0105c \u017cyczenia Bo\u017conarodzeniowe, Krzysztof Otulakowski W\u00f3jt Gminy Jedwabno. Czas podczas Wieczoru uczestnikom spotkania umila\u0142 wyst\u0119p dziewczynek ucz\u0119szczaj\u0105cych na warsztaty wokalne w GOKu. Potrawy na Wigilijny st\u00f3\u0142 przygotowa\u0142 Klub Seniora z Jedwabna.<\/p>\n<p>&nbsp;<\/p>\nngg_shortcode_0_placeholder\n","protected":false},"excerpt":{"rendered":"<p>Dnia 22.12.2012 roku w Gminnym O\u015brodku Kultury odby\u0142 si\u0119 Wiecz\u00f3r  [&#8230;]<\/p>\n","protected":false},"author":55,"featured_media":4253,"comment_status":"closed","ping_status":"open","sticky":false,"template":"","format":"standard","meta":{"ngg_post_thumbnail":0,"footnotes":""},"categories":[1],"tags":[],"class_list":["post-4250","post","type-post","status-publish","format-standard","has-post-thumbnail","hentry","category-wiadomosci"],"_links":{"self":[{"href":"https:\/\/archiwum.jedwabno.pl\/jdbn_json_endpoint\/wp\/v2\/posts\/4250","targetHints":{"allow":["GET"]}}],"collection":[{"href":"https:\/\/archiwum.jedwabno.pl\/jdbn_json_endpoint\/wp\/v2\/posts"}],"about":[{"href":"https:\/\/archiwum.jedwabno.pl\/jdbn_json_endpoint\/wp\/v2\/types\/post"}],"author":[{"embeddable":true,"href":"https:\/\/archiwum.jedwabno.pl\/jdbn_json_endpoint\/wp\/v2\/users\/55"}],"replies":[{"embeddable":true,"href":"https:\/\/archiwum.jedwabno.pl\/jdbn_json_endpoint\/wp\/v2\/comments?post=4250"}],"version-history":[{"count":0,"href":"https:\/\/archiwum.jedwabno.pl\/jdbn_json_endpoint\/wp\/v2\/posts\/4250\/revisions"}],"wp:featuredmedia":[{"embeddable":true,"href":"https:\/\/archiwum.jedwabno.pl\/jdbn_json_endpoint\/wp\/v2\/media\/4253"}],"wp:attachment":[{"href":"https:\/\/archiwum.jedwabno.pl\/jdbn_json_endpoint\/wp\/v2\/media?parent=4250"}],"wp:term":[{"taxonomy":"category","embeddable":true,"href":"https:\/\/archiwum.jedwabno.pl\/jdbn_json_endpoint\/wp\/v2\/categories?post=4250"},{"taxonomy":"post_tag","embeddable":true,"href":"https:\/\/archiwum.jedwabno.pl\/jdbn_json_endpoint\/wp\/v2\/tags?post=4250"}],"curies":[{"name":"wp","href":"https:\/\/api.w.org\/{rel}","templated":true}]}}