{"id":4245,"date":"2012-12-24T11:29:27","date_gmt":"2012-12-24T11:29:27","guid":{"rendered":"https:\/\/www.jedwabno.pl\/?p=4245"},"modified":"2012-12-27T08:55:59","modified_gmt":"2012-12-27T08:55:59","slug":"wieczerza-wigilijna-gok-21-12-2012-rok","status":"publish","type":"post","link":"https:\/\/archiwum.jedwabno.pl\/4245\/wieczerza-wigilijna-gok-21-12-2012-rok","title":{"rendered":"Wieczerza Wigilijna, GOK 21.12.2012 rok"},"content":{"rendered":"<p>Dnia 21.12.2012 roku w Gminnym O\u015brodku Kultury w Jedwabnie odby\u0142a si\u0119 Wieczerza Wigilijna zorganizowana przez Parafialny Zesp\u00f3\u0142 Caritas dzia\u0142aj\u0105cy przy Ko\u015bciele Parafialnym p.w. \u00a0\u015bw. J\u00f3zefa w Jedwabnie. Zesp\u00f3\u0142 prowadzi Ksi\u0105dz Proboszcz Roman Lompa. Wieczerza ta zorganizowana zosta\u0142a dla dzieci, kt\u00f3re wytypowa\u0142 Gminny O\u015brodek Pomocy Spo\u0142ecznej. W ko\u015bciele w Jedwabnie do niedawna sta\u0142a \u00a0choinka, na kt\u00f3rej wisia\u0142y anio\u0142ki z imionami dzieci dla kt\u00f3rych ludzie szczodrego serca zrobili paczki. Wieczerz\u0119 Wigilijn\u0105 rozpocz\u0105\u0142 Ksi\u0105dz Proboszcz modlitw\u0105, nast\u0119pnie wszyscy obecni podzielili si\u0119 op\u0142atkiem. \u015awi\u0105teczne \u017cyczenia uczestnikom Wieczerzy z\u0142o\u017cy\u0142 Krzysztof Otulakowski W\u00f3jt Gminy Jedwabno. W oczekiwaniu na przybycie Miko\u0142aja dzieci bra\u0142y udzia\u0142 w konkursach i zabawach. W ko\u0144cu nadszed\u0142 d\u0142ugo oczekiwany przez dzieci moment, przyby\u0142 do nich \u015awi\u0119ty Miko\u0142aj- biskup z Mirry i wr\u0119czy\u0142 im wspania\u0142e podarki. Dzieci odwdzi\u0119czy\u0142y si\u0119 organizatorom Wieczerzy wyst\u0119pem artystycznym. W Wieczerzy Wigilijnej uczestniczy\u0142y tak\u017ce w\u0142adze gminy: Maria Sienkiewicz Przewodnicz\u0105ca Rady Gminy Jedwabno, Krzysztof Otulakowski W\u00f3jt Gminy Jedwabno oraz Jolanta Dr\u0119\u017cek Sekretarz Gminy Jedwabno. Potrawy na Wigilijny St\u00f3\u0142 przygotowa\u0142y Panie z Ko\u0142a Gospody\u0144 Wiejskich w Szuci. Spotkanie o takim charakterze w Gminie Jedwabno odby\u0142o si\u0119 po raz pierwszy. W imieniu obdarowanych dzieci serdecznie dzi\u0119kujemy organizatorom.<\/p>\n<p>&nbsp;<\/p>\nngg_shortcode_0_placeholder\n","protected":false},"excerpt":{"rendered":"<p>Dnia 21.12.2012 roku w Gminnym O\u015brodku Kultury w Jedwabnie odby\u0142a  [&#8230;]<\/p>\n","protected":false},"author":55,"featured_media":4247,"comment_status":"closed","ping_status":"open","sticky":false,"template":"","format":"standard","meta":{"ngg_post_thumbnail":0,"footnotes":""},"categories":[1],"tags":[],"class_list":["post-4245","post","type-post","status-publish","format-standard","has-post-thumbnail","hentry","category-wiadomosci"],"_links":{"self":[{"href":"https:\/\/archiwum.jedwabno.pl\/jdbn_json_endpoint\/wp\/v2\/posts\/4245","targetHints":{"allow":["GET"]}}],"collection":[{"href":"https:\/\/archiwum.jedwabno.pl\/jdbn_json_endpoint\/wp\/v2\/posts"}],"about":[{"href":"https:\/\/archiwum.jedwabno.pl\/jdbn_json_endpoint\/wp\/v2\/types\/post"}],"author":[{"embeddable":true,"href":"https:\/\/archiwum.jedwabno.pl\/jdbn_json_endpoint\/wp\/v2\/users\/55"}],"replies":[{"embeddable":true,"href":"https:\/\/archiwum.jedwabno.pl\/jdbn_json_endpoint\/wp\/v2\/comments?post=4245"}],"version-history":[{"count":0,"href":"https:\/\/archiwum.jedwabno.pl\/jdbn_json_endpoint\/wp\/v2\/posts\/4245\/revisions"}],"wp:featuredmedia":[{"embeddable":true,"href":"https:\/\/archiwum.jedwabno.pl\/jdbn_json_endpoint\/wp\/v2\/media\/4247"}],"wp:attachment":[{"href":"https:\/\/archiwum.jedwabno.pl\/jdbn_json_endpoint\/wp\/v2\/media?parent=4245"}],"wp:term":[{"taxonomy":"category","embeddable":true,"href":"https:\/\/archiwum.jedwabno.pl\/jdbn_json_endpoint\/wp\/v2\/categories?post=4245"},{"taxonomy":"post_tag","embeddable":true,"href":"https:\/\/archiwum.jedwabno.pl\/jdbn_json_endpoint\/wp\/v2\/tags?post=4245"}],"curies":[{"name":"wp","href":"https:\/\/api.w.org\/{rel}","templated":true}]}}