{"id":4233,"date":"2012-12-21T07:16:41","date_gmt":"2012-12-21T07:16:41","guid":{"rendered":"https:\/\/www.jedwabno.pl\/?p=4233"},"modified":"2012-12-21T07:16:41","modified_gmt":"2012-12-21T07:16:41","slug":"jaselka-zespolu-szkol-w-jedwabnie-13-12-2012-rok","status":"publish","type":"post","link":"https:\/\/archiwum.jedwabno.pl\/4233\/jaselka-zespolu-szkol-w-jedwabnie-13-12-2012-rok","title":{"rendered":"Jase\u0142ka Zespo\u0142u Szk\u00f3\u0142 w Jedwabnie, 13.12.2012 rok"},"content":{"rendered":"<p>Dnia 13.12.2012 roku w Gminnym O\u015brodku Kultury odby\u0142y si\u0119 Jase\u0142ka przygotowane pod okiem wychowawcy klasy Pani Gra\u017cyny Szczepanek oraz Pani Bo\u017ceny Drelich przez uczni\u00f3w klasy II A szko\u0142y podstawowej .<\/p>\n<p>&nbsp;<\/p>\nngg_shortcode_0_placeholder\n","protected":false},"excerpt":{"rendered":"<p>Dnia 13.12.2012 roku w Gminnym O\u015brodku Kultury odby\u0142y si\u0119 Jase\u0142ka  [&#8230;]<\/p>\n","protected":false},"author":55,"featured_media":4236,"comment_status":"closed","ping_status":"open","sticky":false,"template":"","format":"standard","meta":{"ngg_post_thumbnail":0,"footnotes":""},"categories":[1],"tags":[],"class_list":["post-4233","post","type-post","status-publish","format-standard","has-post-thumbnail","hentry","category-wiadomosci"],"_links":{"self":[{"href":"https:\/\/archiwum.jedwabno.pl\/jdbn_json_endpoint\/wp\/v2\/posts\/4233","targetHints":{"allow":["GET"]}}],"collection":[{"href":"https:\/\/archiwum.jedwabno.pl\/jdbn_json_endpoint\/wp\/v2\/posts"}],"about":[{"href":"https:\/\/archiwum.jedwabno.pl\/jdbn_json_endpoint\/wp\/v2\/types\/post"}],"author":[{"embeddable":true,"href":"https:\/\/archiwum.jedwabno.pl\/jdbn_json_endpoint\/wp\/v2\/users\/55"}],"replies":[{"embeddable":true,"href":"https:\/\/archiwum.jedwabno.pl\/jdbn_json_endpoint\/wp\/v2\/comments?post=4233"}],"version-history":[{"count":0,"href":"https:\/\/archiwum.jedwabno.pl\/jdbn_json_endpoint\/wp\/v2\/posts\/4233\/revisions"}],"wp:featuredmedia":[{"embeddable":true,"href":"https:\/\/archiwum.jedwabno.pl\/jdbn_json_endpoint\/wp\/v2\/media\/4236"}],"wp:attachment":[{"href":"https:\/\/archiwum.jedwabno.pl\/jdbn_json_endpoint\/wp\/v2\/media?parent=4233"}],"wp:term":[{"taxonomy":"category","embeddable":true,"href":"https:\/\/archiwum.jedwabno.pl\/jdbn_json_endpoint\/wp\/v2\/categories?post=4233"},{"taxonomy":"post_tag","embeddable":true,"href":"https:\/\/archiwum.jedwabno.pl\/jdbn_json_endpoint\/wp\/v2\/tags?post=4233"}],"curies":[{"name":"wp","href":"https:\/\/api.w.org\/{rel}","templated":true}]}}