{"id":4205,"date":"2012-12-20T13:47:51","date_gmt":"2012-12-20T13:47:51","guid":{"rendered":"https:\/\/www.jedwabno.pl\/?p=4205"},"modified":"2012-12-21T07:15:28","modified_gmt":"2012-12-21T07:15:28","slug":"choinka-w-piduniu-15-12-2012-rok","status":"publish","type":"post","link":"https:\/\/archiwum.jedwabno.pl\/4205\/choinka-w-piduniu-15-12-2012-rok","title":{"rendered":"Choinka w Piduniu, 15.12.2012 rok"},"content":{"rendered":"<p>W sobot\u0119 15.12.2012 roku mieszka\u0144c\u00f3w Pidunia odwiedzi\u0142 Miko\u0142aj wraz ze \u015anie\u017cynk\u0105. Mieszka\u0144cy czekali na go\u015bci grzej\u0105c si\u0119 przy ognisku oraz zajadaj\u0105c kie\u0142baski i s\u0142odycze. W ko\u0144cu zrobi\u0142o si\u0119 ciemno, a z oddali rozlega\u0142 si\u0119 tajemniczy d\u017awi\u0119k dzwonka, to Miko\u0142aj wraz ze \u015anie\u017cynk\u0105 przyjechali bryczk\u0105,\u00a0by wszystkim grzecznym dzieciom wr\u0119czy\u0107 \u015bwi\u0105teczne paczki. . Wszystkie dzieci odbieraj\u0105c prezent \u015bpiewa\u0142y kol\u0119d\u0119 lub m\u00f3wi\u0142y wierszyki, a i doro\u015bli wykazali si\u0119 inwencj\u0105 tw\u00f3rcz\u0105 odbieraj\u0105c swoje upominki. \u00a0Na spotkanie z Miko\u0142ajem przybyli tak\u017ce: Jolanta Dr\u0119\u017cek Sekretarz Gminy Jedwabno oraz Jerzy Pa\u0142asz Dyrektor Gminnego O\u015brodka Kultury w Jedwabnie. Paczki dla dzieci zakupione zosta\u0142y w ramach realizacji Funduszu So\u0142eckiego na rok 2012. \u00a0 Choink\u0119 zorganizowa\u0142a so\u0142tys wsi Maria Pyrzanowska wraz z Rad\u0105 So\u0142eck\u0105 oraz mieszka\u0144cy so\u0142ectwa Pidu\u0144.<\/p>\n<p>&nbsp;<\/p>\nngg_shortcode_0_placeholder\n","protected":false},"excerpt":{"rendered":"<p>W sobot\u0119 15.12.2012 roku mieszka\u0144c\u00f3w Pidunia odwiedzi\u0142 Miko\u0142aj wraz ze  [&#8230;]<\/p>\n","protected":false},"author":55,"featured_media":4207,"comment_status":"closed","ping_status":"open","sticky":false,"template":"","format":"standard","meta":{"ngg_post_thumbnail":0,"footnotes":""},"categories":[1],"tags":[],"class_list":["post-4205","post","type-post","status-publish","format-standard","has-post-thumbnail","hentry","category-wiadomosci"],"_links":{"self":[{"href":"https:\/\/archiwum.jedwabno.pl\/jdbn_json_endpoint\/wp\/v2\/posts\/4205","targetHints":{"allow":["GET"]}}],"collection":[{"href":"https:\/\/archiwum.jedwabno.pl\/jdbn_json_endpoint\/wp\/v2\/posts"}],"about":[{"href":"https:\/\/archiwum.jedwabno.pl\/jdbn_json_endpoint\/wp\/v2\/types\/post"}],"author":[{"embeddable":true,"href":"https:\/\/archiwum.jedwabno.pl\/jdbn_json_endpoint\/wp\/v2\/users\/55"}],"replies":[{"embeddable":true,"href":"https:\/\/archiwum.jedwabno.pl\/jdbn_json_endpoint\/wp\/v2\/comments?post=4205"}],"version-history":[{"count":0,"href":"https:\/\/archiwum.jedwabno.pl\/jdbn_json_endpoint\/wp\/v2\/posts\/4205\/revisions"}],"wp:featuredmedia":[{"embeddable":true,"href":"https:\/\/archiwum.jedwabno.pl\/jdbn_json_endpoint\/wp\/v2\/media\/4207"}],"wp:attachment":[{"href":"https:\/\/archiwum.jedwabno.pl\/jdbn_json_endpoint\/wp\/v2\/media?parent=4205"}],"wp:term":[{"taxonomy":"category","embeddable":true,"href":"https:\/\/archiwum.jedwabno.pl\/jdbn_json_endpoint\/wp\/v2\/categories?post=4205"},{"taxonomy":"post_tag","embeddable":true,"href":"https:\/\/archiwum.jedwabno.pl\/jdbn_json_endpoint\/wp\/v2\/tags?post=4205"}],"curies":[{"name":"wp","href":"https:\/\/api.w.org\/{rel}","templated":true}]}}